
{"id":10865,"date":"2011-06-17T06:49:34","date_gmt":"2011-06-17T05:49:34","guid":{"rendered":"http:\/\/adamczewscy.pl\/?p=3224"},"modified":"2011-06-17T06:49:34","modified_gmt":"2011-06-17T05:49:34","slug":"zupa-pomidorowo-czosnkowa","status":"publish","type":"post","link":"https:\/\/blog.polityka.pl\/adamczewski\/2011\/06\/17\/zupa-pomidorowo-czosnkowa\/","title":{"rendered":"Zupa pomidorowo-czosnkowa"},"content":{"rendered":"<p><em>2 cebule, 3 \u0142y\u017cki koncentratu pomidorowego (lub nieco wi\u0119cej w zale\u017cno\u015bci od smaku), 3 z\u0105bki czosnku, 6 szklanek roso\u0142u warzywnego z kostki, 3 \u0142y\u017cki mas\u0142a, po 2 \u0142y\u017cki p\u0142atk\u00f3w ry\u017cowych, \u0142y\u017ceczka cukru, \u0142y\u017cka posiekanej zielonej pietruszki, s\u00f3l, pieprz<\/em><\/p>\n<p>1. Rozpu\u015bci\u0107 mas\u0142o w garnku, doda\u0107 posiekan\u0105 cebul\u0119 i przeci\u015bni\u0119ty przez prask\u0119 czosnek, doda\u0107 kilka \u0142y\u017cek roso\u0142u warzywnego i dusi\u0107 pod przykryciem.<br \/>\n2. Ry\u017c ugotowa\u0107 wed\u0142ug przepisu wlewaj\u0105c zamiast wody &#8211; ros\u00f3\u0142 warzywny.<br \/>\n3. Zmiksowa\u0107 razem cebul\u0119 z czosnkiem, ugotowany ry\u017c, doda\u0107 koncentrat i pozosta\u0142y ros\u00f3\u0142 warzywny, doprawi\u0107 sol\u0105 i cukrem, doda\u0107 pozosta\u0142y ros\u00f3\u0142 warzywny i zagotowa\u0107. Posypa\u0107 zup\u0119 siekana zielon\u0105 pietruszk\u0105. <\/p>\n","protected":false},"excerpt":{"rendered":"<p>2 cebule, 3 \u0142y\u017cki koncentratu pomidorowego (lub nieco wi\u0119cej w zale\u017cno\u015bci od smaku), 3 z\u0105bki czosnku, 6 szklanek roso\u0142u warzywnego z kostki, 3 \u0142y\u017cki mas\u0142a, po 2 \u0142y\u017cki p\u0142atk\u00f3w ry\u017cowych, \u0142y\u017ceczka cukru, \u0142y\u017cka posiekanej zielonej pietruszki, s\u00f3l, pieprz 1. Rozpu\u015bci\u0107 mas\u0142o w garnku, doda\u0107 posiekan\u0105 cebul\u0119 i przeci\u015bni\u0119ty przez prask\u0119 czosnek, doda\u0107 kilka \u0142y\u017cek roso\u0142u [&hellip;]<\/p>\n","protected":false},"author":2,"featured_media":0,"comment_status":"open","ping_status":"open","sticky":false,"template":"","format":"standard","meta":{"footnotes":""},"categories":[1],"tags":[],"_links":{"self":[{"href":"https:\/\/blog.polityka.pl\/adamczewski\/wp-json\/wp\/v2\/posts\/10865"}],"collection":[{"href":"https:\/\/blog.polityka.pl\/adamczewski\/wp-json\/wp\/v2\/posts"}],"about":[{"href":"https:\/\/blog.polityka.pl\/adamczewski\/wp-json\/wp\/v2\/types\/post"}],"author":[{"embeddable":true,"href":"https:\/\/blog.polityka.pl\/adamczewski\/wp-json\/wp\/v2\/users\/2"}],"replies":[{"embeddable":true,"href":"https:\/\/blog.polityka.pl\/adamczewski\/wp-json\/wp\/v2\/comments?post=10865"}],"version-history":[{"count":0,"href":"https:\/\/blog.polityka.pl\/adamczewski\/wp-json\/wp\/v2\/posts\/10865\/revisions"}],"wp:attachment":[{"href":"https:\/\/blog.polityka.pl\/adamczewski\/wp-json\/wp\/v2\/media?parent=10865"}],"wp:term":[{"taxonomy":"category","embeddable":true,"href":"https:\/\/blog.polityka.pl\/adamczewski\/wp-json\/wp\/v2\/categories?post=10865"},{"taxonomy":"post_tag","embeddable":true,"href":"https:\/\/blog.polityka.pl\/adamczewski\/wp-json\/wp\/v2\/tags?post=10865"}],"curies":[{"name":"wp","href":"https:\/\/api.w.org\/{rel}","templated":true}]}}