
{"id":10867,"date":"2011-06-17T06:50:51","date_gmt":"2011-06-17T05:50:51","guid":{"rendered":"http:\/\/adamczewscy.pl\/?p=3226"},"modified":"2011-06-17T06:50:51","modified_gmt":"2011-06-17T05:50:51","slug":"kremowy-placek-morelowy","status":"publish","type":"post","link":"https:\/\/blog.polityka.pl\/adamczewski\/2011\/06\/17\/kremowy-placek-morelowy\/","title":{"rendered":"Kremowy placek morelowy"},"content":{"rendered":"<p><em>Opakowanie gotowego ciasta kruchego, 80 dag moreli, szklanka i \u0107wier\u0107 szklanki mleka, 3 \u017c\u00f3ltka, 3\/4 szklanki cukru pudru, \u0142y\u017ceczka m\u0105ki ziemniaczanej, cukier waniliowy z prawdziw\u0105 wanilia<\/em><\/p>\n<p>1. Ciasto kruche roz\u0142o\u017cy\u0107 w du\u017cej tortownicy i podpiec na jasnoz\u0142oto.<br \/>\n2. Morele umy\u0107, osuszy\u0107, usun\u0105\u0107 pestki, doda\u0107 mniej ni\u017c p\u00f3\u0142 szklanki wody i rozgotowa\u0107 owoce. Odparowa\u0107, zmiksowa\u0107 i przetrze\u0107 przez sito, aby usun\u0105\u0107 sk\u00f3rki.<br \/>\n3. \u017b\u00f3\u0142tka utrze\u0107 z cukrem pudrem i cukrem waniliowym, doda\u0107 m\u0105k\u0119 ziemniaczan\u0105, dok\u0142adnie wymiesza\u0107.<br \/>\n4. Zagotowa\u0107 mleko, dodawa\u0107 cienkim strumyczkiem do utartych \u017c\u00f3\u0142tek. Ubija\u0107 trzepaczk\u0105 na parze, w ustawionym nad wrz\u0105c\u0105 wod\u0105 stalowym garnku, a\u017c masa zg\u0119stnieje. Doda\u0107 przetarte morele, wymiesza\u0107 krem.<br \/>\n5. Krem wyla\u0107 na podpieczony sp\u00f3d.<br \/>\n6. W piekarniku nagrzanym do temperatury 160\u00b0C piec placek 30 minut. <\/p>\n","protected":false},"excerpt":{"rendered":"<p>Opakowanie gotowego ciasta kruchego, 80 dag moreli, szklanka i \u0107wier\u0107 szklanki mleka, 3 \u017c\u00f3ltka, 3\/4 szklanki cukru pudru, \u0142y\u017ceczka m\u0105ki ziemniaczanej, cukier waniliowy z prawdziw\u0105 wanilia 1. Ciasto kruche roz\u0142o\u017cy\u0107 w du\u017cej tortownicy i podpiec na jasnoz\u0142oto. 2. Morele umy\u0107, osuszy\u0107, usun\u0105\u0107 pestki, doda\u0107 mniej ni\u017c p\u00f3\u0142 szklanki wody i rozgotowa\u0107 owoce. Odparowa\u0107, zmiksowa\u0107 i [&hellip;]<\/p>\n","protected":false},"author":2,"featured_media":0,"comment_status":"open","ping_status":"open","sticky":false,"template":"","format":"standard","meta":{"footnotes":""},"categories":[1],"tags":[],"_links":{"self":[{"href":"https:\/\/blog.polityka.pl\/adamczewski\/wp-json\/wp\/v2\/posts\/10867"}],"collection":[{"href":"https:\/\/blog.polityka.pl\/adamczewski\/wp-json\/wp\/v2\/posts"}],"about":[{"href":"https:\/\/blog.polityka.pl\/adamczewski\/wp-json\/wp\/v2\/types\/post"}],"author":[{"embeddable":true,"href":"https:\/\/blog.polityka.pl\/adamczewski\/wp-json\/wp\/v2\/users\/2"}],"replies":[{"embeddable":true,"href":"https:\/\/blog.polityka.pl\/adamczewski\/wp-json\/wp\/v2\/comments?post=10867"}],"version-history":[{"count":0,"href":"https:\/\/blog.polityka.pl\/adamczewski\/wp-json\/wp\/v2\/posts\/10867\/revisions"}],"wp:attachment":[{"href":"https:\/\/blog.polityka.pl\/adamczewski\/wp-json\/wp\/v2\/media?parent=10867"}],"wp:term":[{"taxonomy":"category","embeddable":true,"href":"https:\/\/blog.polityka.pl\/adamczewski\/wp-json\/wp\/v2\/categories?post=10867"},{"taxonomy":"post_tag","embeddable":true,"href":"https:\/\/blog.polityka.pl\/adamczewski\/wp-json\/wp\/v2\/tags?post=10867"}],"curies":[{"name":"wp","href":"https:\/\/api.w.org\/{rel}","templated":true}]}}