
{"id":10869,"date":"2011-06-24T05:38:37","date_gmt":"2011-06-24T04:38:37","guid":{"rendered":"http:\/\/adamczewscy.pl\/?p=3229"},"modified":"2011-06-24T05:38:37","modified_gmt":"2011-06-24T04:38:37","slug":"kurze-udka-po-turecku","status":"publish","type":"post","link":"https:\/\/blog.polityka.pl\/adamczewski\/2011\/06\/24\/kurze-udka-po-turecku\/","title":{"rendered":"Kurze udka po turecku"},"content":{"rendered":"<p><em>4 kurze udka, 4 \u0142y\u017cki oliwy, 2 cebule, szklanka ry\u017cu, 25 dag \u015bwie\u017cej papryki, 4 niedu\u017ce pomidory, 10 dag rodzynek, 2 szklanki roso\u0142u drobiowego z kostki, s\u00f3l, pieprz, mielona s\u0142odka papryka<\/em><\/p>\n<p>1. Udka umy\u0107, osuszy\u0107 kuchennym papierowym r\u0119cznikiem, natrze\u0107 sol\u0105, pieprzem i s\u0142odk\u0105 papryk\u0105.<br \/>\n2. Obra\u0107 pomidory i pokroi\u0107 na cz\u0105stki, papryk\u0119 podpiec w piekarniku (powinny si\u0119 na sk\u00f3rce pojawi\u0107 ciemne plamy), obra\u0107  ze sk\u00f3rki i pokroi\u0107 w paski.<br \/>\n3. Cebule posieka\u0107 drobno.<br \/>\n4. Udka podsma\u017cy\u0107 ze wszystkich stron na rumiano, doda\u0107 posiekan\u0105 cebul\u0119, chwil\u0119 sma\u017cy\u0107 razem, doda\u0107 ry\u017c i sma\u017cy\u0107 zn\u00f3w wszystko chwil\u0119.<br \/>\n5. Do potrawy doda\u0107 pomidory, pokrojon\u0105 papryk\u0119, umyte rodzynki i ros\u00f3\u0142.<br \/>\n6. Umie\u015bci\u0107 potraw\u0119 w \u017caroodpornym naczyniu i zapieka\u0107 20 minut w temperaturze 170\u00b0C. <\/p>\n","protected":false},"excerpt":{"rendered":"<p>4 kurze udka, 4 \u0142y\u017cki oliwy, 2 cebule, szklanka ry\u017cu, 25 dag \u015bwie\u017cej papryki, 4 niedu\u017ce pomidory, 10 dag rodzynek, 2 szklanki roso\u0142u drobiowego z kostki, s\u00f3l, pieprz, mielona s\u0142odka papryka 1. Udka umy\u0107, osuszy\u0107 kuchennym papierowym r\u0119cznikiem, natrze\u0107 sol\u0105, pieprzem i s\u0142odk\u0105 papryk\u0105. 2. Obra\u0107 pomidory i pokroi\u0107 na cz\u0105stki, papryk\u0119 podpiec w piekarniku [&hellip;]<\/p>\n","protected":false},"author":2,"featured_media":0,"comment_status":"open","ping_status":"open","sticky":false,"template":"","format":"standard","meta":{"footnotes":""},"categories":[1],"tags":[],"_links":{"self":[{"href":"https:\/\/blog.polityka.pl\/adamczewski\/wp-json\/wp\/v2\/posts\/10869"}],"collection":[{"href":"https:\/\/blog.polityka.pl\/adamczewski\/wp-json\/wp\/v2\/posts"}],"about":[{"href":"https:\/\/blog.polityka.pl\/adamczewski\/wp-json\/wp\/v2\/types\/post"}],"author":[{"embeddable":true,"href":"https:\/\/blog.polityka.pl\/adamczewski\/wp-json\/wp\/v2\/users\/2"}],"replies":[{"embeddable":true,"href":"https:\/\/blog.polityka.pl\/adamczewski\/wp-json\/wp\/v2\/comments?post=10869"}],"version-history":[{"count":0,"href":"https:\/\/blog.polityka.pl\/adamczewski\/wp-json\/wp\/v2\/posts\/10869\/revisions"}],"wp:attachment":[{"href":"https:\/\/blog.polityka.pl\/adamczewski\/wp-json\/wp\/v2\/media?parent=10869"}],"wp:term":[{"taxonomy":"category","embeddable":true,"href":"https:\/\/blog.polityka.pl\/adamczewski\/wp-json\/wp\/v2\/categories?post=10869"},{"taxonomy":"post_tag","embeddable":true,"href":"https:\/\/blog.polityka.pl\/adamczewski\/wp-json\/wp\/v2\/tags?post=10869"}],"curies":[{"name":"wp","href":"https:\/\/api.w.org\/{rel}","templated":true}]}}