
{"id":1087,"date":"2009-08-07T08:00:21","date_gmt":"2009-08-07T06:00:21","guid":{"rendered":"http:\/\/adamczewski.blog.polityka.pl\/?p=1087"},"modified":"2009-08-04T18:44:17","modified_gmt":"2009-08-04T16:44:17","slug":"za-rok-za-dzien-za-chwile","status":"publish","type":"post","link":"https:\/\/blog.polityka.pl\/adamczewski\/2009\/08\/07\/za-rok-za-dzien-za-chwile\/","title":{"rendered":"Za rok, za dzie\u0144, za chwil\u0119&#8230;"},"content":{"rendered":"<p>Marek natrz\u0105sa si\u0119 ze mnie, \u017ce tak planuj\u0119 wszystkie wyjazdy i nie lubi\u0119 improwizowa\u0107. To prawda. I mimo prze\u015bmiech\u00f3jek nie mam zamiaru zmienia\u0107 si\u0119. Ju\u017c dzi\u015b zacz\u0105\u0142em planowa\u0107 przysz\u0142oroczny wyjazd. A dok\u0105d? Oczywi\u015bcie do Italii.<\/p>\n<p>Tym razem chc\u0119 wybra\u0107 si\u0119 nieco dalej na po\u0142udnie\u00a0&#8211; do Kampanii. A konkretnie do miejscowo\u015bci Paestum. Nie b\u0119d\u0119 jej opisywa\u0142, cho\u0107 ju\u017c co si\u0119 da w Internecie zobaczy\u0107, to obejrza\u0142em i wiem, \u017ce warto tam si\u0119 znale\u017a\u0107. A t\u0105 my\u015bl\u0105 zarazi\u0142 mnie przyjaciel, kt\u00f3ry odwiedzi\u0142 miejscowo\u015b\u0107 podczas tegorocznego festiwalu filmowego w\u00a0 Salerno. Kto ciekaw i nie chce czeka\u0107 do przysz\u0142orocznych moich relacji te\u017c mo\u017ce poogl\u0105da\u0107 obrazki w komputerze. I wypowiedzie\u0107 si\u0119 czy Paestum warte jest zachodu. Ja uwa\u017cam, \u017ce tak.<\/p>\n<p>Tymczasem za\u015b na zako\u0144czenie w\u0142oskiej podr\u00f3\u017cy par\u0119 obrazk\u00f3w tegorocznych z Toskanii. I tyle czyli finita!<\/p>\n<p>\u00a0<a href=\"\/wp-content\/uploads\/2009\/08\/basia-na-tle-p7180041.jpg\"><img loading=\"lazy\" decoding=\"async\" class=\"aligncenter size-full wp-image-1088\" title=\"basia-na-tle-p7180041\" src=\"\/wp-content\/uploads\/2009\/08\/basia-na-tle-p7180041.jpg\" alt=\"\" width=\"500\" height=\"375\" srcset=\"\/adamczewski\/wp-content\/uploads\/2009\/08\/basia-na-tle-p7180041.jpg 640w, \/adamczewski\/wp-content\/uploads\/2009\/08\/basia-na-tle-p7180041-300x225.jpg 300w\" sizes=\"(max-width: 500px) 100vw, 500px\" \/><\/a><\/p>\n<p><em>A za plecami wzg\u00f3rza Toskanii&#8230;<\/em><\/p>\n<p><em><\/em><\/p>\n<p><em><img loading=\"lazy\" decoding=\"async\" class=\"aligncenter size-full wp-image-1089\" title=\"fosdinowo-i-oni-p7130026\" src=\"\/wp-content\/uploads\/2009\/08\/fosdinowo-i-oni-p7130026.jpg\" alt=\"\" width=\"500\" height=\"375\" srcset=\"\/adamczewski\/wp-content\/uploads\/2009\/08\/fosdinowo-i-oni-p7130026.jpg 640w, \/adamczewski\/wp-content\/uploads\/2009\/08\/fosdinowo-i-oni-p7130026-300x225.jpg 300w\" sizes=\"(max-width: 500px) 100vw, 500px\" \/><\/em><\/p>\n<p><em>A to widok z mur\u00f3w Fosdinovo<\/em><\/p>\n<p><a href=\"\/wp-content\/uploads\/2009\/08\/basia-w-trevisop7250103.jpg\"><img loading=\"lazy\" decoding=\"async\" class=\"aligncenter size-full wp-image-1090\" title=\"basia-w-trevisop7250103\" src=\"\/wp-content\/uploads\/2009\/08\/basia-w-trevisop7250103.jpg\" alt=\"\" width=\"500\" height=\"375\" srcset=\"\/adamczewski\/wp-content\/uploads\/2009\/08\/basia-w-trevisop7250103.jpg 640w, \/adamczewski\/wp-content\/uploads\/2009\/08\/basia-w-trevisop7250103-300x225.jpg 300w\" sizes=\"(max-width: 500px) 100vw, 500px\" \/><\/a><\/p>\n<p><em>Pod katedr\u0105 w Treviso<\/em><\/p>\n<p><a href=\"\/wp-content\/uploads\/2009\/08\/werona-i-my-p7130027.jpg\"><img loading=\"lazy\" decoding=\"async\" class=\"aligncenter size-full wp-image-1091\" title=\"werona-i-my-p7130027\" src=\"\/wp-content\/uploads\/2009\/08\/werona-i-my-p7130027.jpg\" alt=\"\" width=\"500\" height=\"666\" srcset=\"\/adamczewski\/wp-content\/uploads\/2009\/08\/werona-i-my-p7130027.jpg 2304w, \/adamczewski\/wp-content\/uploads\/2009\/08\/werona-i-my-p7130027-225x300.jpg 225w\" sizes=\"(max-width: 500px) 100vw, 500px\" \/><\/a><\/p>\n<p><em>Pod zamkiem w Weronie<\/em><\/p>\n<p><a href=\"\/wp-content\/uploads\/2009\/08\/parma-p7110017.jpg\"><img loading=\"lazy\" decoding=\"async\" class=\"aligncenter size-full wp-image-1092\" title=\"parma-p7110017\" src=\"\/wp-content\/uploads\/2009\/08\/parma-p7110017.jpg\" alt=\"\" width=\"500\" height=\"375\" srcset=\"\/adamczewski\/wp-content\/uploads\/2009\/08\/parma-p7110017.jpg 640w, \/adamczewski\/wp-content\/uploads\/2009\/08\/parma-p7110017-300x225.jpg 300w\" sizes=\"(max-width: 500px) 100vw, 500px\" \/><\/a><\/p>\n<p><em>A to w Parmie pod Akademi\u0105 Sztuk Pi\u0119knych<\/em><\/p>\n<p><a href=\"\/wp-content\/uploads\/2009\/08\/polenta-i-kalmarp7250117.jpg\"><img loading=\"lazy\" decoding=\"async\" class=\"aligncenter size-full wp-image-1093\" title=\"polenta-i-kalmarp7250117\" src=\"\/wp-content\/uploads\/2009\/08\/polenta-i-kalmarp7250117.jpg\" alt=\"\" width=\"500\" height=\"375\" srcset=\"\/adamczewski\/wp-content\/uploads\/2009\/08\/polenta-i-kalmarp7250117.jpg 640w, \/adamczewski\/wp-content\/uploads\/2009\/08\/polenta-i-kalmarp7250117-300x225.jpg 300w\" sizes=\"(max-width: 500px) 100vw, 500px\" \/><\/a><\/p>\n<p><em>A dla zg\u0142odnia\u0142ych i zm\u0119czonych wycieczk\u0105 &#8211; polenta z kalmarami<\/em><\/p>\n<p>\u00a0<\/p>\n","protected":false},"excerpt":{"rendered":"<p>Marek natrz\u0105sa si\u0119 ze mnie, \u017ce tak planuj\u0119 wszystkie wyjazdy i nie lubi\u0119 improwizowa\u0107. To prawda. I mimo prze\u015bmiech\u00f3jek nie mam zamiaru zmienia\u0107 si\u0119. Ju\u017c dzi\u015b zacz\u0105\u0142em planowa\u0107 przysz\u0142oroczny wyjazd. A dok\u0105d? Oczywi\u015bcie do Italii. Tym razem chc\u0119 wybra\u0107 si\u0119 nieco dalej na po\u0142udnie\u00a0&#8211; do Kampanii. A konkretnie do miejscowo\u015bci Paestum. Nie b\u0119d\u0119 jej opisywa\u0142, [&hellip;]<\/p>\n","protected":false},"author":2,"featured_media":0,"comment_status":"open","ping_status":"open","sticky":false,"template":"","format":"standard","meta":{"footnotes":""},"categories":[1],"tags":[],"_links":{"self":[{"href":"https:\/\/blog.polityka.pl\/adamczewski\/wp-json\/wp\/v2\/posts\/1087"}],"collection":[{"href":"https:\/\/blog.polityka.pl\/adamczewski\/wp-json\/wp\/v2\/posts"}],"about":[{"href":"https:\/\/blog.polityka.pl\/adamczewski\/wp-json\/wp\/v2\/types\/post"}],"author":[{"embeddable":true,"href":"https:\/\/blog.polityka.pl\/adamczewski\/wp-json\/wp\/v2\/users\/2"}],"replies":[{"embeddable":true,"href":"https:\/\/blog.polityka.pl\/adamczewski\/wp-json\/wp\/v2\/comments?post=1087"}],"version-history":[{"count":0,"href":"https:\/\/blog.polityka.pl\/adamczewski\/wp-json\/wp\/v2\/posts\/1087\/revisions"}],"wp:attachment":[{"href":"https:\/\/blog.polityka.pl\/adamczewski\/wp-json\/wp\/v2\/media?parent=1087"}],"wp:term":[{"taxonomy":"category","embeddable":true,"href":"https:\/\/blog.polityka.pl\/adamczewski\/wp-json\/wp\/v2\/categories?post=1087"},{"taxonomy":"post_tag","embeddable":true,"href":"https:\/\/blog.polityka.pl\/adamczewski\/wp-json\/wp\/v2\/tags?post=1087"}],"curies":[{"name":"wp","href":"https:\/\/api.w.org\/{rel}","templated":true}]}}