
{"id":10870,"date":"2011-06-24T05:40:03","date_gmt":"2011-06-24T04:40:03","guid":{"rendered":"http:\/\/adamczewscy.pl\/?p=3231"},"modified":"2011-06-24T05:40:03","modified_gmt":"2011-06-24T04:40:03","slug":"%e2%80%9ekotlety-ratunkowe%e2%80%9d","status":"publish","type":"post","link":"https:\/\/blog.polityka.pl\/adamczewski\/2011\/06\/24\/%e2%80%9ekotlety-ratunkowe%e2%80%9d\/","title":{"rendered":"?Kotlety ratunkowe?"},"content":{"rendered":"<p><em>40 dag mortadeli, 2 jajka, opakowanie p\u0142atk\u00f3w migda\u0142owych,  4 \u0142y\u017cki m\u0105ki, p\u00f3\u0142 szklanki oleju do sma\u017cenia<\/em><\/p>\n<p>1. Mortadele po zdj\u0119ciu os\u0142onki pokroi\u0107 w plastry grubo\u015bci ok. 1cm.<br \/>\n2. Jajka rozbi\u0107 z \u0142y\u017ck\u0105 wody.<br \/>\n3. Panierowa\u0107 plasterki mortadeli najpierw w m\u0105ce, potem w jajku i na koniec w p\u0142atkach migda\u0142owych (mo\u017cna je wymiesza\u0107 z tart\u0105 bu\u0142k\u0105).<br \/>\n4. Rozgrza\u0107 na patelni olej i sma\u017cy\u0107 z obu stron kotlety. <\/p>\n","protected":false},"excerpt":{"rendered":"<p>40 dag mortadeli, 2 jajka, opakowanie p\u0142atk\u00f3w migda\u0142owych, 4 \u0142y\u017cki m\u0105ki, p\u00f3\u0142 szklanki oleju do sma\u017cenia 1. Mortadele po zdj\u0119ciu os\u0142onki pokroi\u0107 w plastry grubo\u015bci ok. 1cm. 2. Jajka rozbi\u0107 z \u0142y\u017ck\u0105 wody. 3. Panierowa\u0107 plasterki mortadeli najpierw w m\u0105ce, potem w jajku i na koniec w p\u0142atkach migda\u0142owych (mo\u017cna je wymiesza\u0107 z tart\u0105 bu\u0142k\u0105). [&hellip;]<\/p>\n","protected":false},"author":2,"featured_media":0,"comment_status":"open","ping_status":"open","sticky":false,"template":"","format":"standard","meta":{"footnotes":""},"categories":[1],"tags":[],"_links":{"self":[{"href":"https:\/\/blog.polityka.pl\/adamczewski\/wp-json\/wp\/v2\/posts\/10870"}],"collection":[{"href":"https:\/\/blog.polityka.pl\/adamczewski\/wp-json\/wp\/v2\/posts"}],"about":[{"href":"https:\/\/blog.polityka.pl\/adamczewski\/wp-json\/wp\/v2\/types\/post"}],"author":[{"embeddable":true,"href":"https:\/\/blog.polityka.pl\/adamczewski\/wp-json\/wp\/v2\/users\/2"}],"replies":[{"embeddable":true,"href":"https:\/\/blog.polityka.pl\/adamczewski\/wp-json\/wp\/v2\/comments?post=10870"}],"version-history":[{"count":0,"href":"https:\/\/blog.polityka.pl\/adamczewski\/wp-json\/wp\/v2\/posts\/10870\/revisions"}],"wp:attachment":[{"href":"https:\/\/blog.polityka.pl\/adamczewski\/wp-json\/wp\/v2\/media?parent=10870"}],"wp:term":[{"taxonomy":"category","embeddable":true,"href":"https:\/\/blog.polityka.pl\/adamczewski\/wp-json\/wp\/v2\/categories?post=10870"},{"taxonomy":"post_tag","embeddable":true,"href":"https:\/\/blog.polityka.pl\/adamczewski\/wp-json\/wp\/v2\/tags?post=10870"}],"curies":[{"name":"wp","href":"https:\/\/api.w.org\/{rel}","templated":true}]}}