
{"id":10871,"date":"2011-06-24T05:40:42","date_gmt":"2011-06-24T04:40:42","guid":{"rendered":"http:\/\/adamczewscy.pl\/?p=3232"},"modified":"2011-06-24T05:40:42","modified_gmt":"2011-06-24T04:40:42","slug":"kotlety-cielece-z-cukinia","status":"publish","type":"post","link":"https:\/\/blog.polityka.pl\/adamczewski\/2011\/06\/24\/kotlety-cielece-z-cukinia\/","title":{"rendered":"Kotlety ciel\u0119ce z cukini\u0105"},"content":{"rendered":"<p><em>4 sznycle ciel\u0119ce (lub z indyka), \u015brednia cukinia, 2 \u0142y\u017cki mas\u0142a, s\u00f3l, pieprz, p\u00f3\u0142 \u0142y\u017ceczki posiekanego oregano, 3 \u0142y\u017cki keczupu, p\u00f3\u0142 szklanki roso\u0142u warzywnego z kostki, 2 \u0142y\u017cki oleju<\/em><\/p>\n<p>1. Lekko rozbi\u0107 kotlety, lekko posypa\u0107 sol\u0105 i pieprzem. Rozgrza\u0107 olej i obsma\u017cy\u0107 z obu stron kotleciki, po 3 minuty z ka\u017cdej strony.<br \/>\n2. Cukinie obra\u0107, pokroi\u0107 w d\u0142ugie paseczki i poddusi\u0107 na rozgrzanym ma\u015ble, doda\u0107 keczup oraz ros\u00f3\u0142 warzywny i gotowa\u0107 10 minut, doprawi\u0107 do smaku sol\u0105, oregano i pieprzem.<br \/>\n3. Ob\u0142o\u017cy\u0107 kotlety podduszon\u0105 cukini\u0105, podawa\u0107 z dodatkiem ry\u017cu. <\/p>\n","protected":false},"excerpt":{"rendered":"<p>4 sznycle ciel\u0119ce (lub z indyka), \u015brednia cukinia, 2 \u0142y\u017cki mas\u0142a, s\u00f3l, pieprz, p\u00f3\u0142 \u0142y\u017ceczki posiekanego oregano, 3 \u0142y\u017cki keczupu, p\u00f3\u0142 szklanki roso\u0142u warzywnego z kostki, 2 \u0142y\u017cki oleju 1. Lekko rozbi\u0107 kotlety, lekko posypa\u0107 sol\u0105 i pieprzem. Rozgrza\u0107 olej i obsma\u017cy\u0107 z obu stron kotleciki, po 3 minuty z ka\u017cdej strony. 2. Cukinie obra\u0107, [&hellip;]<\/p>\n","protected":false},"author":2,"featured_media":0,"comment_status":"open","ping_status":"open","sticky":false,"template":"","format":"standard","meta":{"footnotes":""},"categories":[1],"tags":[],"_links":{"self":[{"href":"https:\/\/blog.polityka.pl\/adamczewski\/wp-json\/wp\/v2\/posts\/10871"}],"collection":[{"href":"https:\/\/blog.polityka.pl\/adamczewski\/wp-json\/wp\/v2\/posts"}],"about":[{"href":"https:\/\/blog.polityka.pl\/adamczewski\/wp-json\/wp\/v2\/types\/post"}],"author":[{"embeddable":true,"href":"https:\/\/blog.polityka.pl\/adamczewski\/wp-json\/wp\/v2\/users\/2"}],"replies":[{"embeddable":true,"href":"https:\/\/blog.polityka.pl\/adamczewski\/wp-json\/wp\/v2\/comments?post=10871"}],"version-history":[{"count":0,"href":"https:\/\/blog.polityka.pl\/adamczewski\/wp-json\/wp\/v2\/posts\/10871\/revisions"}],"wp:attachment":[{"href":"https:\/\/blog.polityka.pl\/adamczewski\/wp-json\/wp\/v2\/media?parent=10871"}],"wp:term":[{"taxonomy":"category","embeddable":true,"href":"https:\/\/blog.polityka.pl\/adamczewski\/wp-json\/wp\/v2\/categories?post=10871"},{"taxonomy":"post_tag","embeddable":true,"href":"https:\/\/blog.polityka.pl\/adamczewski\/wp-json\/wp\/v2\/tags?post=10871"}],"curies":[{"name":"wp","href":"https:\/\/api.w.org\/{rel}","templated":true}]}}