
{"id":10872,"date":"2011-07-01T06:22:24","date_gmt":"2011-07-01T05:22:24","guid":{"rendered":"http:\/\/adamczewscy.pl\/?p=3234"},"modified":"2011-07-01T06:22:24","modified_gmt":"2011-07-01T05:22:24","slug":"pstragi-nadziewane-mieszanka-warzywna","status":"publish","type":"post","link":"https:\/\/blog.polityka.pl\/adamczewski\/2011\/07\/01\/pstragi-nadziewane-mieszanka-warzywna\/","title":{"rendered":"Pstr\u0105gi nadziewane mieszank\u0105 warzywn\u0105"},"content":{"rendered":"<p><em>4 niedu\u017ce, ?jednoosobowe? wypatroszone pstr\u0105gi, s\u00f3l, pieprz<br \/>\nPietruszka, 2 marchwie, 4 \u0142odygi selera naciowego, 2 szalotki, 2 \u0142y\u017cki posiekanej \u015bwie\u017cej bazylii, 5 \u0142y\u017cek oliwy<br \/>\nDo przybrania: 12 plasterk\u00f3w cytryny, 2 \u0142y\u017cki mas\u0142a<\/em><\/p>\n<p>1. Marchew, pietruszke i szalotki obra\u0107, zetrze\u0107 na jarzynowej tarce lub pokroi\u0107 w cienkie paseczki, pokroi\u0107 tak\u017ce \u0142odygi selerowe.<br \/>\n2. Wraz z listkami bazylii wymiesza\u0107 warzywa i w\u0142o\u017cy\u0107 proporcji do brzuszk\u00f3w posypanych z zewn\u0105trz wewn\u0105trz sol\u0105 i pieprzem pstr\u0105g\u00f3w.<br \/>\n3. Ka\u017cdego pstr\u0105ga zawin\u0105\u0107 w posmarowany obficie oliw\u0105 arkusz folii aluminiowej.<br \/>\n4. Nagrza\u0107 piekarnik do temperatury 200 \u00b0C i piec pstr\u0105gi 30minut.<br \/>\n5. W czasie pieczenia podsma\u017cy\u0107 plasterki cytryny na z\u0142oto na ma\u015ble i po upieczeniu przybra\u0107 nimi ryby. <\/p>\n","protected":false},"excerpt":{"rendered":"<p>4 niedu\u017ce, ?jednoosobowe? wypatroszone pstr\u0105gi, s\u00f3l, pieprz Pietruszka, 2 marchwie, 4 \u0142odygi selera naciowego, 2 szalotki, 2 \u0142y\u017cki posiekanej \u015bwie\u017cej bazylii, 5 \u0142y\u017cek oliwy Do przybrania: 12 plasterk\u00f3w cytryny, 2 \u0142y\u017cki mas\u0142a 1. Marchew, pietruszke i szalotki obra\u0107, zetrze\u0107 na jarzynowej tarce lub pokroi\u0107 w cienkie paseczki, pokroi\u0107 tak\u017ce \u0142odygi selerowe. 2. Wraz z listkami [&hellip;]<\/p>\n","protected":false},"author":2,"featured_media":0,"comment_status":"open","ping_status":"open","sticky":false,"template":"","format":"standard","meta":{"footnotes":""},"categories":[1],"tags":[],"_links":{"self":[{"href":"https:\/\/blog.polityka.pl\/adamczewski\/wp-json\/wp\/v2\/posts\/10872"}],"collection":[{"href":"https:\/\/blog.polityka.pl\/adamczewski\/wp-json\/wp\/v2\/posts"}],"about":[{"href":"https:\/\/blog.polityka.pl\/adamczewski\/wp-json\/wp\/v2\/types\/post"}],"author":[{"embeddable":true,"href":"https:\/\/blog.polityka.pl\/adamczewski\/wp-json\/wp\/v2\/users\/2"}],"replies":[{"embeddable":true,"href":"https:\/\/blog.polityka.pl\/adamczewski\/wp-json\/wp\/v2\/comments?post=10872"}],"version-history":[{"count":0,"href":"https:\/\/blog.polityka.pl\/adamczewski\/wp-json\/wp\/v2\/posts\/10872\/revisions"}],"wp:attachment":[{"href":"https:\/\/blog.polityka.pl\/adamczewski\/wp-json\/wp\/v2\/media?parent=10872"}],"wp:term":[{"taxonomy":"category","embeddable":true,"href":"https:\/\/blog.polityka.pl\/adamczewski\/wp-json\/wp\/v2\/categories?post=10872"},{"taxonomy":"post_tag","embeddable":true,"href":"https:\/\/blog.polityka.pl\/adamczewski\/wp-json\/wp\/v2\/tags?post=10872"}],"curies":[{"name":"wp","href":"https:\/\/api.w.org\/{rel}","templated":true}]}}