
{"id":10873,"date":"2011-07-01T06:22:55","date_gmt":"2011-07-01T05:22:55","guid":{"rendered":"http:\/\/adamczewscy.pl\/?p=3235"},"modified":"2011-07-01T06:22:55","modified_gmt":"2011-07-01T05:22:55","slug":"chlodnik-z-ogorkiem-i-awokado","status":"publish","type":"post","link":"https:\/\/blog.polityka.pl\/adamczewski\/2011\/07\/01\/chlodnik-z-ogorkiem-i-awokado\/","title":{"rendered":"Ch\u0142odnik z og\u00f3rkiem i awokado"},"content":{"rendered":"<p><em>Jogurt naturalny (ma\u0142e opakowanie), 3\/4 szklanki \u015bmietanki krem\u00f3wki, og\u00f3rek ?w\u0105\u017c, p\u00f3\u0142 cienkiego pora, szklanka bulionu warzywnego z kostki, 3 \u0142y\u017cki posiekanego koperku, \u0142y\u017cka posiekanej kolendry, dojrza\u0142y owoc awokado, male\u0144ki str\u0105czek chili, z\u0105bek czosnku, s\u00f3l, pieprz. Do przybrania: kilka listk\u00f3w kolendry lub lubczyku<\/em><\/p>\n<p>1. Og\u00f3rek obra\u0107 do po\u0142owy (pozostawiona sk\u00f3rka nada ch\u0142odnikowi \u0142adny kolor), pokroi\u0107 na kawa\u0142ki.<br \/>\n2. Bia\u0142a cz\u0119\u015b\u0107 pora pokroi\u0107 w makaronik.<br \/>\n3. W sporym naczyniu zmiksowa\u0107 dok\u0142adnie og\u00f3rek, por i oliw\u0119.<br \/>\n4. Przekroi\u0107 awokado na p\u00f3\u0142, wbi\u0107 n\u00f3\u017c w pestk\u0119 i usun\u0105\u0107 j\u0105 a pozosta\u0142y mi\u0105\u017csz wybra\u0107 \u0142y\u017ceczk\u0105. Doda\u0107 do zmiksowanego og\u00f3rka  wraz z po\u0142ow\u0105 szklanki bulionu, koperkiem i kolendr\u0105 .<br \/>\n5. Do g\u0142adkiego kremu doda\u0107 pozosta\u0142y bulion, \u015bmietank\u0119 i przeci\u015bni\u0119ty przez prask\u0119 czosnek, doprawi\u0107 sol\u0105 i pieprzem. W szczelnie zamkni\u0119tym naczyniu wstawi\u0107 do lod\u00f3wki. Podawa\u0107 ch\u0142odnik przybrany \u0142y\u017ck\u0105 jogurtu listkiem kolendry. <\/p>\n","protected":false},"excerpt":{"rendered":"<p>Jogurt naturalny (ma\u0142e opakowanie), 3\/4 szklanki \u015bmietanki krem\u00f3wki, og\u00f3rek ?w\u0105\u017c, p\u00f3\u0142 cienkiego pora, szklanka bulionu warzywnego z kostki, 3 \u0142y\u017cki posiekanego koperku, \u0142y\u017cka posiekanej kolendry, dojrza\u0142y owoc awokado, male\u0144ki str\u0105czek chili, z\u0105bek czosnku, s\u00f3l, pieprz. Do przybrania: kilka listk\u00f3w kolendry lub lubczyku 1. Og\u00f3rek obra\u0107 do po\u0142owy (pozostawiona sk\u00f3rka nada ch\u0142odnikowi \u0142adny kolor), pokroi\u0107 na [&hellip;]<\/p>\n","protected":false},"author":2,"featured_media":0,"comment_status":"open","ping_status":"open","sticky":false,"template":"","format":"standard","meta":{"footnotes":""},"categories":[1],"tags":[],"_links":{"self":[{"href":"https:\/\/blog.polityka.pl\/adamczewski\/wp-json\/wp\/v2\/posts\/10873"}],"collection":[{"href":"https:\/\/blog.polityka.pl\/adamczewski\/wp-json\/wp\/v2\/posts"}],"about":[{"href":"https:\/\/blog.polityka.pl\/adamczewski\/wp-json\/wp\/v2\/types\/post"}],"author":[{"embeddable":true,"href":"https:\/\/blog.polityka.pl\/adamczewski\/wp-json\/wp\/v2\/users\/2"}],"replies":[{"embeddable":true,"href":"https:\/\/blog.polityka.pl\/adamczewski\/wp-json\/wp\/v2\/comments?post=10873"}],"version-history":[{"count":0,"href":"https:\/\/blog.polityka.pl\/adamczewski\/wp-json\/wp\/v2\/posts\/10873\/revisions"}],"wp:attachment":[{"href":"https:\/\/blog.polityka.pl\/adamczewski\/wp-json\/wp\/v2\/media?parent=10873"}],"wp:term":[{"taxonomy":"category","embeddable":true,"href":"https:\/\/blog.polityka.pl\/adamczewski\/wp-json\/wp\/v2\/categories?post=10873"},{"taxonomy":"post_tag","embeddable":true,"href":"https:\/\/blog.polityka.pl\/adamczewski\/wp-json\/wp\/v2\/tags?post=10873"}],"curies":[{"name":"wp","href":"https:\/\/api.w.org\/{rel}","templated":true}]}}