
{"id":10874,"date":"2011-07-01T06:23:25","date_gmt":"2011-07-01T05:23:25","guid":{"rendered":"http:\/\/adamczewscy.pl\/?p=3236"},"modified":"2011-07-01T06:23:25","modified_gmt":"2011-07-01T05:23:25","slug":"filet-z-indyka-z-porzeczkami","status":"publish","type":"post","link":"https:\/\/blog.polityka.pl\/adamczewski\/2011\/07\/01\/filet-z-indyka-z-porzeczkami\/","title":{"rendered":"Filet z indyka z porzeczkami"},"content":{"rendered":"<p><em>4 p\u0142aty mi\u0119sa z piersi indyka, szklanka czerwonych porzeczek, czerwona cebula, male\u0144ki str\u0105czek chili, 3 \u0142y\u017cki posiekanej melisy, szczypta cukru, s\u00f3l, pieprz, 2 \u0142y\u017cki oleju, \u0142y\u017cka mas\u0142a<\/em><\/p>\n<p>1. Umy\u0107 porzeczki i osuszy\u0107 na durszlaku, doda\u0107 posiekan\u0105 cebul\u0119 oraz papryczk\u0119 chili i melis\u0119,  cukier i s\u00f3l oraz pieprz do smaku.<br \/>\n2. Rozbi\u0107 t\u0142uczkiem p\u0142aty mi\u0119sa, na ka\u017cdym umie\u015bci\u0107 porcj\u0119 porzeczkowego nadzienia i bardzo dok\u0142adnie spi\u0105\u0107 kotlety wyka\u0142aczkami.<br \/>\n3. Obsma\u017cy\u0107 mi\u0119so na mieszance oleju z mas\u0142em.<br \/>\n4. Obsma\u017cone kotlety prze\u0142o\u017cy\u0107 na \u017caroodporny p\u00f3\u0142misek i w nagrzanym do 190 \u00b0C piekarniku zapieka\u0107 30 minut.<br \/>\nPodawa\u0107 z ry\u017cem lub obgotowanymi i pieczonymi w piekarniku ziemniakami. <\/p>\n","protected":false},"excerpt":{"rendered":"<p>4 p\u0142aty mi\u0119sa z piersi indyka, szklanka czerwonych porzeczek, czerwona cebula, male\u0144ki str\u0105czek chili, 3 \u0142y\u017cki posiekanej melisy, szczypta cukru, s\u00f3l, pieprz, 2 \u0142y\u017cki oleju, \u0142y\u017cka mas\u0142a 1. Umy\u0107 porzeczki i osuszy\u0107 na durszlaku, doda\u0107 posiekan\u0105 cebul\u0119 oraz papryczk\u0119 chili i melis\u0119, cukier i s\u00f3l oraz pieprz do smaku. 2. Rozbi\u0107 t\u0142uczkiem p\u0142aty mi\u0119sa, na [&hellip;]<\/p>\n","protected":false},"author":2,"featured_media":0,"comment_status":"open","ping_status":"open","sticky":false,"template":"","format":"standard","meta":{"footnotes":""},"categories":[1],"tags":[],"_links":{"self":[{"href":"https:\/\/blog.polityka.pl\/adamczewski\/wp-json\/wp\/v2\/posts\/10874"}],"collection":[{"href":"https:\/\/blog.polityka.pl\/adamczewski\/wp-json\/wp\/v2\/posts"}],"about":[{"href":"https:\/\/blog.polityka.pl\/adamczewski\/wp-json\/wp\/v2\/types\/post"}],"author":[{"embeddable":true,"href":"https:\/\/blog.polityka.pl\/adamczewski\/wp-json\/wp\/v2\/users\/2"}],"replies":[{"embeddable":true,"href":"https:\/\/blog.polityka.pl\/adamczewski\/wp-json\/wp\/v2\/comments?post=10874"}],"version-history":[{"count":0,"href":"https:\/\/blog.polityka.pl\/adamczewski\/wp-json\/wp\/v2\/posts\/10874\/revisions"}],"wp:attachment":[{"href":"https:\/\/blog.polityka.pl\/adamczewski\/wp-json\/wp\/v2\/media?parent=10874"}],"wp:term":[{"taxonomy":"category","embeddable":true,"href":"https:\/\/blog.polityka.pl\/adamczewski\/wp-json\/wp\/v2\/categories?post=10874"},{"taxonomy":"post_tag","embeddable":true,"href":"https:\/\/blog.polityka.pl\/adamczewski\/wp-json\/wp\/v2\/tags?post=10874"}],"curies":[{"name":"wp","href":"https:\/\/api.w.org\/{rel}","templated":true}]}}