
{"id":10876,"date":"2011-07-01T06:25:36","date_gmt":"2011-07-01T05:25:36","guid":{"rendered":"http:\/\/adamczewscy.pl\/?p=3238"},"modified":"2011-07-01T06:25:36","modified_gmt":"2011-07-01T05:25:36","slug":"losos-w-malinach","status":"publish","type":"post","link":"https:\/\/blog.polityka.pl\/adamczewski\/2011\/07\/01\/losos-w-malinach\/","title":{"rendered":"\u0141oso\u015b w malinach"},"content":{"rendered":"<p><em>4 porcje fileta z \u0142ososia (lepszy jest bez sk\u00f3ry), s\u00f3l, pieprz, 5 \u0142y\u017cek mas\u0142a, szklanka malin, 4 szalotki,  2 \u0142y\u017cki cukru, \u0142y\u017cka francuskiej musztardy, 4 \u0142y\u017cki oliwy z oliwek, 4 \u0142y\u017ceczki malinowego octu winnego lub jab\u0142kowego<\/em><\/p>\n<p>1. Porcje ryby posypa\u0107 sol\u0105 i pieprzem.<br \/>\n2. \u017baroodporny p\u00f3\u0142miseczek posmarowa\u0107 grubo mas\u0142em (zu\u017cy\u0107 ca\u0142e), u\u0142o\u017cy\u0107 na nim porcje \u0142ososia.<br \/>\n3. Nagrza\u0107 piekarnik do temperatury 200\u00b0C i wstawi\u0107 ryb\u0119. Piec 15 minut.<br \/>\n4. Posieka\u0107 szalotk\u0119, sparzy\u0107 j\u0105 wrz\u0105c\u0105 wod\u0105 i dok\u0142adnie ods\u0105czy\u0107, doda\u0107 zmiksowane maliny (kilka od\u0142o\u017cy\u0107 do dekoracji potrawy), musztard\u0119, ocet winny oraz oliw\u0119, zmiksowa\u0107 r\u00f3wnie\u017c wszystko razem, doda\u0107 do smaku s\u00f3l i pieprz. Zagotowa\u0107 sos.<br \/>\n5. Kapn\u0105\u0107 \u0142y\u017ck\u0119 sosu na ka\u017cdy talerz, na nim u\u0142o\u017cy\u0107 porcje ryby i pola\u0107 reszt\u0105 sosu. Przybra\u0107 zostawionymi ca\u0142ymi malinami. <\/p>\n","protected":false},"excerpt":{"rendered":"<p>4 porcje fileta z \u0142ososia (lepszy jest bez sk\u00f3ry), s\u00f3l, pieprz, 5 \u0142y\u017cek mas\u0142a, szklanka malin, 4 szalotki, 2 \u0142y\u017cki cukru, \u0142y\u017cka francuskiej musztardy, 4 \u0142y\u017cki oliwy z oliwek, 4 \u0142y\u017ceczki malinowego octu winnego lub jab\u0142kowego 1. Porcje ryby posypa\u0107 sol\u0105 i pieprzem. 2. \u017baroodporny p\u00f3\u0142miseczek posmarowa\u0107 grubo mas\u0142em (zu\u017cy\u0107 ca\u0142e), u\u0142o\u017cy\u0107 na nim porcje [&hellip;]<\/p>\n","protected":false},"author":2,"featured_media":0,"comment_status":"open","ping_status":"open","sticky":false,"template":"","format":"standard","meta":{"footnotes":""},"categories":[1],"tags":[],"_links":{"self":[{"href":"https:\/\/blog.polityka.pl\/adamczewski\/wp-json\/wp\/v2\/posts\/10876"}],"collection":[{"href":"https:\/\/blog.polityka.pl\/adamczewski\/wp-json\/wp\/v2\/posts"}],"about":[{"href":"https:\/\/blog.polityka.pl\/adamczewski\/wp-json\/wp\/v2\/types\/post"}],"author":[{"embeddable":true,"href":"https:\/\/blog.polityka.pl\/adamczewski\/wp-json\/wp\/v2\/users\/2"}],"replies":[{"embeddable":true,"href":"https:\/\/blog.polityka.pl\/adamczewski\/wp-json\/wp\/v2\/comments?post=10876"}],"version-history":[{"count":0,"href":"https:\/\/blog.polityka.pl\/adamczewski\/wp-json\/wp\/v2\/posts\/10876\/revisions"}],"wp:attachment":[{"href":"https:\/\/blog.polityka.pl\/adamczewski\/wp-json\/wp\/v2\/media?parent=10876"}],"wp:term":[{"taxonomy":"category","embeddable":true,"href":"https:\/\/blog.polityka.pl\/adamczewski\/wp-json\/wp\/v2\/categories?post=10876"},{"taxonomy":"post_tag","embeddable":true,"href":"https:\/\/blog.polityka.pl\/adamczewski\/wp-json\/wp\/v2\/tags?post=10876"}],"curies":[{"name":"wp","href":"https:\/\/api.w.org\/{rel}","templated":true}]}}