
{"id":10877,"date":"2011-07-08T06:07:20","date_gmt":"2011-07-08T05:07:20","guid":{"rendered":"http:\/\/adamczewscy.pl\/?p=3240"},"modified":"2011-07-08T06:07:20","modified_gmt":"2011-07-08T05:07:20","slug":"schab-pod-warzywami","status":"publish","type":"post","link":"https:\/\/blog.polityka.pl\/adamczewski\/2011\/07\/08\/schab-pod-warzywami\/","title":{"rendered":"Schab pod warzywami"},"content":{"rendered":"<p><em>4 grubsze lub 8 cienkich plasterk\u00f3w schabu, 3 marchwie, 2 czerwone cebule 20 dag pieczarek, 3 \u0142odygi selera naciowego, 2 z\u0105bki czosnku, 3 \u0142y\u017cki oliwy, s\u00f3l, \u0142y\u017ceczka majeranku<\/em><\/p>\n<p>1. Wymiesza\u0107 olej z majerankiem i czosnkiem przeci\u015bni\u0119tym przez prask\u0119, posmarowa\u0107 mieszank\u0105 kotlety. Odstawi\u0107 na 30 minut.<br \/>\n2. Warzywa obra\u0107, pokroi\u0107 drobno lub zetrze\u0107 na tarce, pieczarki pokroi\u0107 w plasterki a cebule w pi\u00f3rka.<br \/>\n3. W \u017caroodpornym naczyniu wy\u0142o\u017cy\u0107 cz\u0119\u015b\u0107 warzyw , na nich u\u0142o\u017cy\u0107 kotlety i przykry\u0107 pozosta\u0142ymi warzywami.<br \/>\n4. Piec godzin\u0119  w nagrzanym do 180\u00b0C piekarniku. <\/p>\n","protected":false},"excerpt":{"rendered":"<p>4 grubsze lub 8 cienkich plasterk\u00f3w schabu, 3 marchwie, 2 czerwone cebule 20 dag pieczarek, 3 \u0142odygi selera naciowego, 2 z\u0105bki czosnku, 3 \u0142y\u017cki oliwy, s\u00f3l, \u0142y\u017ceczka majeranku 1. Wymiesza\u0107 olej z majerankiem i czosnkiem przeci\u015bni\u0119tym przez prask\u0119, posmarowa\u0107 mieszank\u0105 kotlety. Odstawi\u0107 na 30 minut. 2. Warzywa obra\u0107, pokroi\u0107 drobno lub zetrze\u0107 na tarce, pieczarki [&hellip;]<\/p>\n","protected":false},"author":2,"featured_media":0,"comment_status":"open","ping_status":"open","sticky":false,"template":"","format":"standard","meta":{"footnotes":""},"categories":[1],"tags":[],"_links":{"self":[{"href":"https:\/\/blog.polityka.pl\/adamczewski\/wp-json\/wp\/v2\/posts\/10877"}],"collection":[{"href":"https:\/\/blog.polityka.pl\/adamczewski\/wp-json\/wp\/v2\/posts"}],"about":[{"href":"https:\/\/blog.polityka.pl\/adamczewski\/wp-json\/wp\/v2\/types\/post"}],"author":[{"embeddable":true,"href":"https:\/\/blog.polityka.pl\/adamczewski\/wp-json\/wp\/v2\/users\/2"}],"replies":[{"embeddable":true,"href":"https:\/\/blog.polityka.pl\/adamczewski\/wp-json\/wp\/v2\/comments?post=10877"}],"version-history":[{"count":0,"href":"https:\/\/blog.polityka.pl\/adamczewski\/wp-json\/wp\/v2\/posts\/10877\/revisions"}],"wp:attachment":[{"href":"https:\/\/blog.polityka.pl\/adamczewski\/wp-json\/wp\/v2\/media?parent=10877"}],"wp:term":[{"taxonomy":"category","embeddable":true,"href":"https:\/\/blog.polityka.pl\/adamczewski\/wp-json\/wp\/v2\/categories?post=10877"},{"taxonomy":"post_tag","embeddable":true,"href":"https:\/\/blog.polityka.pl\/adamczewski\/wp-json\/wp\/v2\/tags?post=10877"}],"curies":[{"name":"wp","href":"https:\/\/api.w.org\/{rel}","templated":true}]}}