
{"id":10878,"date":"2011-07-08T06:07:49","date_gmt":"2011-07-08T05:07:49","guid":{"rendered":"http:\/\/adamczewscy.pl\/?p=3241"},"modified":"2011-07-08T06:07:49","modified_gmt":"2011-07-08T05:07:49","slug":"pstragi-z-jablkami","status":"publish","type":"post","link":"https:\/\/blog.polityka.pl\/adamczewski\/2011\/07\/08\/pstragi-z-jablkami\/","title":{"rendered":"Pstr\u0105gi z jab\u0142kami"},"content":{"rendered":"<p><em>4 pstr\u0105gi, 4 niezbyt s\u0142odkie jab\u0142ka, 4 \u0142y\u017cki chutneya (ostrego sosu), kieliszek calvadosu lub p\u00f3\u0142 szklanki jab\u0142kowego soku, 4 \u0142y\u017cki oliwy z oliwek, 2 \u0142y\u017cki soku cytrynowego, 4 listki sza\u0142wi, s\u00f3l, pieprz, 2 \u0142y\u017cki p\u0142atk\u00f3w migda\u0142owych<\/em><\/p>\n<p>1. Pstr\u0105gi sprawi\u0107, natrze\u0107 sola i pieprzem, skropi\u0107 cytrynowym sokiem. Od\u0142o\u017cy\u0107 na p\u00f3\u0142 godziny.<br \/>\n2. Jablka pokroi\u0107 bez obierania na \u00f3semki, posmarowa\u0107 chutneyem, skropi\u0107 calvadosem, posypa\u0107 p\u0142atkami migda\u0142owymi. Kawa\u0142kami jab\u0142ek nape\u0142ni\u0107 pstr\u0105gi, do ka\u017cdego w\u0142o\u017cy\u0107 tak\u017ce listek sza\u0142wii.<br \/>\n3. Posmarowa\u0107 pstr\u0105gi oliw\u0105.<br \/>\n4. W nagrzanym do 180\u00b0 C piekarniku piec pstr\u0105gi oko\u0142o 30 minut obracaj\u0105c w trakcie pieczenia na drug\u0105 stron\u0119.<br \/>\nTak przygotowane pstr\u0105gi mo\u017cna tak\u017ce grillowana ogrodowym grillu. <\/p>\n","protected":false},"excerpt":{"rendered":"<p>4 pstr\u0105gi, 4 niezbyt s\u0142odkie jab\u0142ka, 4 \u0142y\u017cki chutneya (ostrego sosu), kieliszek calvadosu lub p\u00f3\u0142 szklanki jab\u0142kowego soku, 4 \u0142y\u017cki oliwy z oliwek, 2 \u0142y\u017cki soku cytrynowego, 4 listki sza\u0142wi, s\u00f3l, pieprz, 2 \u0142y\u017cki p\u0142atk\u00f3w migda\u0142owych 1. Pstr\u0105gi sprawi\u0107, natrze\u0107 sola i pieprzem, skropi\u0107 cytrynowym sokiem. Od\u0142o\u017cy\u0107 na p\u00f3\u0142 godziny. 2. Jablka pokroi\u0107 bez obierania [&hellip;]<\/p>\n","protected":false},"author":2,"featured_media":0,"comment_status":"open","ping_status":"open","sticky":false,"template":"","format":"standard","meta":{"footnotes":""},"categories":[1],"tags":[],"_links":{"self":[{"href":"https:\/\/blog.polityka.pl\/adamczewski\/wp-json\/wp\/v2\/posts\/10878"}],"collection":[{"href":"https:\/\/blog.polityka.pl\/adamczewski\/wp-json\/wp\/v2\/posts"}],"about":[{"href":"https:\/\/blog.polityka.pl\/adamczewski\/wp-json\/wp\/v2\/types\/post"}],"author":[{"embeddable":true,"href":"https:\/\/blog.polityka.pl\/adamczewski\/wp-json\/wp\/v2\/users\/2"}],"replies":[{"embeddable":true,"href":"https:\/\/blog.polityka.pl\/adamczewski\/wp-json\/wp\/v2\/comments?post=10878"}],"version-history":[{"count":0,"href":"https:\/\/blog.polityka.pl\/adamczewski\/wp-json\/wp\/v2\/posts\/10878\/revisions"}],"wp:attachment":[{"href":"https:\/\/blog.polityka.pl\/adamczewski\/wp-json\/wp\/v2\/media?parent=10878"}],"wp:term":[{"taxonomy":"category","embeddable":true,"href":"https:\/\/blog.polityka.pl\/adamczewski\/wp-json\/wp\/v2\/categories?post=10878"},{"taxonomy":"post_tag","embeddable":true,"href":"https:\/\/blog.polityka.pl\/adamczewski\/wp-json\/wp\/v2\/tags?post=10878"}],"curies":[{"name":"wp","href":"https:\/\/api.w.org\/{rel}","templated":true}]}}