
{"id":10881,"date":"2011-07-15T06:07:50","date_gmt":"2011-07-15T05:07:50","guid":{"rendered":"http:\/\/adamczewscy.pl\/?p=3248"},"modified":"2011-07-15T06:07:50","modified_gmt":"2011-07-15T05:07:50","slug":"zupa-selerowa-z-szynka","status":"publish","type":"post","link":"https:\/\/blog.polityka.pl\/adamczewski\/2011\/07\/15\/zupa-selerowa-z-szynka\/","title":{"rendered":"Zupa selerowa z szynk\u0105"},"content":{"rendered":"<p><em>Na wywar: marchew, pietruszka, por, 4ga\u0142\u0105zki zielonej pietruszki<br \/>\nNa zup\u0119: 3 bulwy selera (\u0142\u0105cznie 70 dag) 3 \u0142y\u017cki oliwy, 2 \u017c\u00f3\u0142tka, p\u00f3\u0142 szklanki \u015bmietany 12-proc., 15 dag gotowanej szynki, s\u00f3l, pieprz, ma\u0142y listek laurowy, 2 ziarna ziela angielskiego, 2 \u0142y\u017cki posiekanej zielonej pietruszki<\/em><\/p>\n<p>1. Obrane warzywa na wywar zala\u0107 6 szklankami wody i gotowa\u0107 oko\u0142o godziny\/Po tym czasie, przecedzi\u0107 wywar.<br \/>\n2. Selery obra\u0107, pokroi\u0107 kostk\u0119, obsma\u017cy\u0107 na oliwie, doda\u0107 do wywaru wraz zielem angielskim li\u015bciem laurowym i gotowa\u0107 do mi\u0119kko\u015bci. Ostudzi\u0107, usun\u0105\u0107 ziarna ziela angielskiego i li\u015b\u0107 laurowy, zmiksowa\u0107 zup\u0119.<br \/>\n3. Doprawi\u0107 zup\u0119 sol\u0105, pieprzem, doda\u0107 \u015bmietan\u0119 i zagotowa\u0107 zup\u0119, zaprawi\u0107  \u017c\u00f3\u0142tkami rozmieszanymi z 3 \u0142y\u017ckami zupy.<br \/>\n4. Zup\u0119 posypa\u0107 pokrojon\u0105 w kostk\u0119 szynk\u0105 i posiekan\u0105 zielon\u0105 pietruszk\u0105. <\/p>\n","protected":false},"excerpt":{"rendered":"<p>Na wywar: marchew, pietruszka, por, 4ga\u0142\u0105zki zielonej pietruszki Na zup\u0119: 3 bulwy selera (\u0142\u0105cznie 70 dag) 3 \u0142y\u017cki oliwy, 2 \u017c\u00f3\u0142tka, p\u00f3\u0142 szklanki \u015bmietany 12-proc., 15 dag gotowanej szynki, s\u00f3l, pieprz, ma\u0142y listek laurowy, 2 ziarna ziela angielskiego, 2 \u0142y\u017cki posiekanej zielonej pietruszki 1. Obrane warzywa na wywar zala\u0107 6 szklankami wody i gotowa\u0107 oko\u0142o [&hellip;]<\/p>\n","protected":false},"author":2,"featured_media":0,"comment_status":"open","ping_status":"open","sticky":false,"template":"","format":"standard","meta":{"footnotes":""},"categories":[1],"tags":[],"_links":{"self":[{"href":"https:\/\/blog.polityka.pl\/adamczewski\/wp-json\/wp\/v2\/posts\/10881"}],"collection":[{"href":"https:\/\/blog.polityka.pl\/adamczewski\/wp-json\/wp\/v2\/posts"}],"about":[{"href":"https:\/\/blog.polityka.pl\/adamczewski\/wp-json\/wp\/v2\/types\/post"}],"author":[{"embeddable":true,"href":"https:\/\/blog.polityka.pl\/adamczewski\/wp-json\/wp\/v2\/users\/2"}],"replies":[{"embeddable":true,"href":"https:\/\/blog.polityka.pl\/adamczewski\/wp-json\/wp\/v2\/comments?post=10881"}],"version-history":[{"count":0,"href":"https:\/\/blog.polityka.pl\/adamczewski\/wp-json\/wp\/v2\/posts\/10881\/revisions"}],"wp:attachment":[{"href":"https:\/\/blog.polityka.pl\/adamczewski\/wp-json\/wp\/v2\/media?parent=10881"}],"wp:term":[{"taxonomy":"category","embeddable":true,"href":"https:\/\/blog.polityka.pl\/adamczewski\/wp-json\/wp\/v2\/categories?post=10881"},{"taxonomy":"post_tag","embeddable":true,"href":"https:\/\/blog.polityka.pl\/adamczewski\/wp-json\/wp\/v2\/tags?post=10881"}],"curies":[{"name":"wp","href":"https:\/\/api.w.org\/{rel}","templated":true}]}}