
{"id":10885,"date":"2011-07-22T06:17:17","date_gmt":"2011-07-22T05:17:17","guid":{"rendered":"http:\/\/adamczewscy.pl\/?p=3253"},"modified":"2011-07-22T06:17:17","modified_gmt":"2011-07-22T05:17:17","slug":"gulasz-z-warzywami","status":"publish","type":"post","link":"https:\/\/blog.polityka.pl\/adamczewski\/2011\/07\/22\/gulasz-z-warzywami\/","title":{"rendered":"Gulasz z warzywami"},"content":{"rendered":"<p><em>70-80 dag chudego schabu karkowego, opakowanie mro\u017conej, krojonej w paski w\u0142oszczyzny, \u015brednia cebula, 2 \u0142y\u017cki oleju, 2 listki laurowe, 2 ziarna ziela angielskiego, po szczypcie (do smaku): mielonej s\u0142odkiej papryki, kminku i startej ga\u0142ki muszkato\u0142owej, sos sojowy, 3 szklanki bulionu wo\u0142owego kostki<\/p>\n<p>Jako dodatek ugotowane 2 woreczki kaszy gryczanej<\/em><\/p>\n<p>1. Umyte i osuszone kuchennym papierowym r\u0119cznikiem mi\u0119so pokroi\u0107 w kostk\u0119. Cebul\u0119 posieka\u0107.<br \/>\n2. Na rozgrzanym w g\u0142\u0119bokiej patelni lub garnku oleju podsma\u017cy\u0107 mi\u0119so z cebul\u0105, doda\u0107 mro\u017con\u0105 w\u0142oszczyzn\u0119 i wszystkie przyprawy, wla\u0107 bulion i dusi\u0107 pod przykryciem oko\u0142o 20minut.<br \/>\n3. Kiedy mi\u0119so b\u0119dzie mi\u0119kkie doprawi\u0107 gulasz sosem sojowym, doda\u0107 ugotowan\u0105 kasz\u0119 i wymiesza\u0107 potraw\u0119. Jeszcze raz zagrza\u0107 i podawa\u0107 bardzo gor\u0105c\u0105. <\/p>\n","protected":false},"excerpt":{"rendered":"<p>70-80 dag chudego schabu karkowego, opakowanie mro\u017conej, krojonej w paski w\u0142oszczyzny, \u015brednia cebula, 2 \u0142y\u017cki oleju, 2 listki laurowe, 2 ziarna ziela angielskiego, po szczypcie (do smaku): mielonej s\u0142odkiej papryki, kminku i startej ga\u0142ki muszkato\u0142owej, sos sojowy, 3 szklanki bulionu wo\u0142owego kostki Jako dodatek ugotowane 2 woreczki kaszy gryczanej 1. Umyte i osuszone kuchennym papierowym [&hellip;]<\/p>\n","protected":false},"author":2,"featured_media":0,"comment_status":"open","ping_status":"open","sticky":false,"template":"","format":"standard","meta":{"footnotes":""},"categories":[1],"tags":[],"_links":{"self":[{"href":"https:\/\/blog.polityka.pl\/adamczewski\/wp-json\/wp\/v2\/posts\/10885"}],"collection":[{"href":"https:\/\/blog.polityka.pl\/adamczewski\/wp-json\/wp\/v2\/posts"}],"about":[{"href":"https:\/\/blog.polityka.pl\/adamczewski\/wp-json\/wp\/v2\/types\/post"}],"author":[{"embeddable":true,"href":"https:\/\/blog.polityka.pl\/adamczewski\/wp-json\/wp\/v2\/users\/2"}],"replies":[{"embeddable":true,"href":"https:\/\/blog.polityka.pl\/adamczewski\/wp-json\/wp\/v2\/comments?post=10885"}],"version-history":[{"count":0,"href":"https:\/\/blog.polityka.pl\/adamczewski\/wp-json\/wp\/v2\/posts\/10885\/revisions"}],"wp:attachment":[{"href":"https:\/\/blog.polityka.pl\/adamczewski\/wp-json\/wp\/v2\/media?parent=10885"}],"wp:term":[{"taxonomy":"category","embeddable":true,"href":"https:\/\/blog.polityka.pl\/adamczewski\/wp-json\/wp\/v2\/categories?post=10885"},{"taxonomy":"post_tag","embeddable":true,"href":"https:\/\/blog.polityka.pl\/adamczewski\/wp-json\/wp\/v2\/tags?post=10885"}],"curies":[{"name":"wp","href":"https:\/\/api.w.org\/{rel}","templated":true}]}}