
{"id":10886,"date":"2011-07-22T06:17:50","date_gmt":"2011-07-22T05:17:50","guid":{"rendered":"http:\/\/adamczewscy.pl\/?p=3254"},"modified":"2011-07-22T06:17:50","modified_gmt":"2011-07-22T05:17:50","slug":"jedno-danie-z-indyka","status":"publish","type":"post","link":"https:\/\/blog.polityka.pl\/adamczewski\/2011\/07\/22\/jedno-danie-z-indyka\/","title":{"rendered":"Jedno danie z indyka"},"content":{"rendered":"<p><em>50 dag piersi indyczej, sok z po\u0142owy cytryny, du\u017ca r\u00f3\u017cyczka broku\u0142\u00f3w, 2 woreczki ry\u017cu do gotowania, 2 szklanki bulionu drobiowego z kostki, s\u00f3l, pieprz, szczypta ostrej papryki, 3 \u0142y\u017cki oleju<\/em><\/p>\n<p>1. Filet z indyka pokroi\u0107 w plasterki, lekko zbi\u0107 formuj\u0105c owalne kotlety, skropi\u0107 sokiem cytrynowym, posypa\u0107 sol\u0105 i pieprzem.<br \/>\n2. Plasterki mi\u0119sa obsma\u017cy\u0107 w garnku na rozgrzanym oleju, doda\u0107 surowy ry\u017c, wla\u0107 bulion, zamiesza\u0107 i kiedy zawrze zmniejszy\u0107 ogie\u0144. Gotowa\u0107 potraw\u0119 pod nakryciem oko\u0142o 15 minut.<br \/>\n3. Broku\u0142y umy\u0107, podzieli\u0107 na ma\u0142e r\u00f3\u017cyczki, doda\u0107 do potrawy, doprawi\u0107 papryk\u0105 i pieprzem oraz do smaku sol\u0105, dusi\u0107 7 minut. Podawa\u0107 potraw\u0119 gor\u0105c\u0105. <\/p>\n","protected":false},"excerpt":{"rendered":"<p>50 dag piersi indyczej, sok z po\u0142owy cytryny, du\u017ca r\u00f3\u017cyczka broku\u0142\u00f3w, 2 woreczki ry\u017cu do gotowania, 2 szklanki bulionu drobiowego z kostki, s\u00f3l, pieprz, szczypta ostrej papryki, 3 \u0142y\u017cki oleju 1. Filet z indyka pokroi\u0107 w plasterki, lekko zbi\u0107 formuj\u0105c owalne kotlety, skropi\u0107 sokiem cytrynowym, posypa\u0107 sol\u0105 i pieprzem. 2. Plasterki mi\u0119sa obsma\u017cy\u0107 w garnku [&hellip;]<\/p>\n","protected":false},"author":2,"featured_media":0,"comment_status":"open","ping_status":"open","sticky":false,"template":"","format":"standard","meta":{"footnotes":""},"categories":[1],"tags":[],"_links":{"self":[{"href":"https:\/\/blog.polityka.pl\/adamczewski\/wp-json\/wp\/v2\/posts\/10886"}],"collection":[{"href":"https:\/\/blog.polityka.pl\/adamczewski\/wp-json\/wp\/v2\/posts"}],"about":[{"href":"https:\/\/blog.polityka.pl\/adamczewski\/wp-json\/wp\/v2\/types\/post"}],"author":[{"embeddable":true,"href":"https:\/\/blog.polityka.pl\/adamczewski\/wp-json\/wp\/v2\/users\/2"}],"replies":[{"embeddable":true,"href":"https:\/\/blog.polityka.pl\/adamczewski\/wp-json\/wp\/v2\/comments?post=10886"}],"version-history":[{"count":0,"href":"https:\/\/blog.polityka.pl\/adamczewski\/wp-json\/wp\/v2\/posts\/10886\/revisions"}],"wp:attachment":[{"href":"https:\/\/blog.polityka.pl\/adamczewski\/wp-json\/wp\/v2\/media?parent=10886"}],"wp:term":[{"taxonomy":"category","embeddable":true,"href":"https:\/\/blog.polityka.pl\/adamczewski\/wp-json\/wp\/v2\/categories?post=10886"},{"taxonomy":"post_tag","embeddable":true,"href":"https:\/\/blog.polityka.pl\/adamczewski\/wp-json\/wp\/v2\/tags?post=10886"}],"curies":[{"name":"wp","href":"https:\/\/api.w.org\/{rel}","templated":true}]}}