
{"id":10887,"date":"2011-07-29T07:30:21","date_gmt":"2011-07-29T06:30:21","guid":{"rendered":"http:\/\/adamczewscy.pl\/?p=3256"},"modified":"2011-07-29T07:30:21","modified_gmt":"2011-07-29T06:30:21","slug":"deser-makaronowo-twarozkowy","status":"publish","type":"post","link":"https:\/\/blog.polityka.pl\/adamczewski\/2011\/07\/29\/deser-makaronowo-twarozkowy\/","title":{"rendered":"Deser makaronowo &#8211; twaro\u017ckowy"},"content":{"rendered":"<p><em>Na makaron: 20 dag (szklanka z czubkiem) krupczatki, 2 jajka, \u0142y\u017ceczka oleju, szczypta soli i tyle wody, ile b\u0119dzie trzeba aby zagnie\u015b\u0107 elastyczne ciasto<br \/>\nNa mas\u0119: 25 dag twaro\u017cku lub sera na sernik, 2 jajka, 4 \u0142y\u017cki mas\u0142a, p\u00f3\u0142 szklanki cukru pudru, p\u00f3\u0142 szklanki \u015bmietany krem\u00f3wki, sk\u00f3rka starta z ca\u0142ej cytryny<br \/>\nDo wysmarowania foremki: \u0142y\u017cka oleju<br \/>\nDo wysypania foremki:2 \u0142y\u017cki tartej bu\u0142ki<br \/>\nJako dodatek: szklanka \u015bwie\u017cych mi\u0119kkich owoc\u00f3w (pos\u0142odzonych do smaku) lub p\u00f3\u0142 szklanki d\u017cemu<\/em><\/p>\n<p>1. Zagnie\u015b\u0107 ciasto na makaron, rozwa\u0142kowa\u0107, pokroi\u0107 w szerokie paski, wrzuci\u0107 na wrz\u0105c\u0105, lekko osolon\u0105 wod\u0119 i gotowa\u0107 9 minut, odcedzi\u0107, przela\u0107 zimn\u0105 wod\u0105.<br \/>\n2. Utrze\u0107 mas\u0142o z cukrem (zostawi\u0107 \u0142y\u017ck\u0119 do piany z bia\u0142ek), doda\u0107 sk\u00f3rk\u0119 cytrynow\u0105, dalej ucieraj\u0105c dodawa\u0107 \u017c\u00f3\u0142tka i ser oraz krem\u00f3wk\u0119.<br \/>\n3. Ubi\u0107 bia\u0142ka na sztywn\u0105 pian\u0119, doda\u0107 na koniec cukier.<br \/>\n4. Wymiesza\u0107 makaron z serem i pian\u0105.<br \/>\n5. Naczynie do zapiekania (mo\u017ce to by\u0107 tortownica) wysmarowa\u0107 olejem, wysypa\u0107 tart\u0105 bu\u0142k\u0105, prze\u0142o\u017cy\u0107 do naczynia mas\u0119 makaronowo-serow\u0105.<br \/>\n6. Nagrza\u0107 piekarnik do temperatury 180\u00b0C i zapieka\u0107 legumin\u0119 godzin\u0119.<br \/>\n7. Podawa\u0107 pokrojon\u0105 na tr\u00f3jk\u0105ty jak tort, polan\u0105 zmiksowanymi owocami lekko pos\u0142odzonymi albo rozpuszczonym w 2-3 \u0142y\u017ckach wrz\u0105cej wody d\u017cemem. <\/p>\n","protected":false},"excerpt":{"rendered":"<p>Na makaron: 20 dag (szklanka z czubkiem) krupczatki, 2 jajka, \u0142y\u017ceczka oleju, szczypta soli i tyle wody, ile b\u0119dzie trzeba aby zagnie\u015b\u0107 elastyczne ciasto Na mas\u0119: 25 dag twaro\u017cku lub sera na sernik, 2 jajka, 4 \u0142y\u017cki mas\u0142a, p\u00f3\u0142 szklanki cukru pudru, p\u00f3\u0142 szklanki \u015bmietany krem\u00f3wki, sk\u00f3rka starta z ca\u0142ej cytryny Do wysmarowania foremki: \u0142y\u017cka [&hellip;]<\/p>\n","protected":false},"author":2,"featured_media":0,"comment_status":"open","ping_status":"open","sticky":false,"template":"","format":"standard","meta":{"footnotes":""},"categories":[1],"tags":[],"_links":{"self":[{"href":"https:\/\/blog.polityka.pl\/adamczewski\/wp-json\/wp\/v2\/posts\/10887"}],"collection":[{"href":"https:\/\/blog.polityka.pl\/adamczewski\/wp-json\/wp\/v2\/posts"}],"about":[{"href":"https:\/\/blog.polityka.pl\/adamczewski\/wp-json\/wp\/v2\/types\/post"}],"author":[{"embeddable":true,"href":"https:\/\/blog.polityka.pl\/adamczewski\/wp-json\/wp\/v2\/users\/2"}],"replies":[{"embeddable":true,"href":"https:\/\/blog.polityka.pl\/adamczewski\/wp-json\/wp\/v2\/comments?post=10887"}],"version-history":[{"count":0,"href":"https:\/\/blog.polityka.pl\/adamczewski\/wp-json\/wp\/v2\/posts\/10887\/revisions"}],"wp:attachment":[{"href":"https:\/\/blog.polityka.pl\/adamczewski\/wp-json\/wp\/v2\/media?parent=10887"}],"wp:term":[{"taxonomy":"category","embeddable":true,"href":"https:\/\/blog.polityka.pl\/adamczewski\/wp-json\/wp\/v2\/categories?post=10887"},{"taxonomy":"post_tag","embeddable":true,"href":"https:\/\/blog.polityka.pl\/adamczewski\/wp-json\/wp\/v2\/tags?post=10887"}],"curies":[{"name":"wp","href":"https:\/\/api.w.org\/{rel}","templated":true}]}}