
{"id":10888,"date":"2011-07-29T07:30:53","date_gmt":"2011-07-29T06:30:53","guid":{"rendered":"http:\/\/adamczewscy.pl\/?p=3257"},"modified":"2011-07-29T07:30:53","modified_gmt":"2011-07-29T06:30:53","slug":"zupa-ziemniaczana-z-pomidorami","status":"publish","type":"post","link":"https:\/\/blog.polityka.pl\/adamczewski\/2011\/07\/29\/zupa-ziemniaczana-z-pomidorami\/","title":{"rendered":"Zupa ziemniaczana z pomidorami"},"content":{"rendered":"<p><em>W\u0142oszczyzna (ma\u0142a porcja), 6 ziemniak\u00f3w, 4 pomidory, \u0142y\u017cka mas\u0142a, szklanka mleka, s\u00f3l, 3 \u0142y\u017cki posiekanej zielonej pietruszki<\/em><\/p>\n<p>1. W\u0142oszczyzn\u0119 obra\u0107, pokroi\u0107 na niewielkie kawa\u0142ki, zala\u0107 4 szklankami osolonej wody i ugotowa\u0107 do zupe\u0142nej mi\u0119kko\u015bci. Zmiksowa\u0107 wraz z wywarem.<br \/>\n2. Ziemniaki obra\u0107, pokroi\u0107 w s\u0142upki, zala\u0107 2 szklankami wody i ugotowa\u0107. Ugotowane po\u0142\u0105czy\u0107 ze zmiksowanymi warzywami, doda\u0107 mleko. Zagotowa\u0107. Doprawi\u0107 sol\u0105. Doda\u0107 mas\u0142o, wymiesza\u0107.<br \/>\n3. Pomidory obra\u0107 ze sk\u00f3rki, pokroi\u0107 w plastry, doda\u0107 do zupy, posypa\u0107 siekan\u0105 zielon\u0105 pietruszk\u0105. <\/p>\n","protected":false},"excerpt":{"rendered":"<p>W\u0142oszczyzna (ma\u0142a porcja), 6 ziemniak\u00f3w, 4 pomidory, \u0142y\u017cka mas\u0142a, szklanka mleka, s\u00f3l, 3 \u0142y\u017cki posiekanej zielonej pietruszki 1. W\u0142oszczyzn\u0119 obra\u0107, pokroi\u0107 na niewielkie kawa\u0142ki, zala\u0107 4 szklankami osolonej wody i ugotowa\u0107 do zupe\u0142nej mi\u0119kko\u015bci. Zmiksowa\u0107 wraz z wywarem. 2. Ziemniaki obra\u0107, pokroi\u0107 w s\u0142upki, zala\u0107 2 szklankami wody i ugotowa\u0107. Ugotowane po\u0142\u0105czy\u0107 ze zmiksowanymi warzywami, [&hellip;]<\/p>\n","protected":false},"author":2,"featured_media":0,"comment_status":"open","ping_status":"open","sticky":false,"template":"","format":"standard","meta":{"footnotes":""},"categories":[1],"tags":[],"_links":{"self":[{"href":"https:\/\/blog.polityka.pl\/adamczewski\/wp-json\/wp\/v2\/posts\/10888"}],"collection":[{"href":"https:\/\/blog.polityka.pl\/adamczewski\/wp-json\/wp\/v2\/posts"}],"about":[{"href":"https:\/\/blog.polityka.pl\/adamczewski\/wp-json\/wp\/v2\/types\/post"}],"author":[{"embeddable":true,"href":"https:\/\/blog.polityka.pl\/adamczewski\/wp-json\/wp\/v2\/users\/2"}],"replies":[{"embeddable":true,"href":"https:\/\/blog.polityka.pl\/adamczewski\/wp-json\/wp\/v2\/comments?post=10888"}],"version-history":[{"count":0,"href":"https:\/\/blog.polityka.pl\/adamczewski\/wp-json\/wp\/v2\/posts\/10888\/revisions"}],"wp:attachment":[{"href":"https:\/\/blog.polityka.pl\/adamczewski\/wp-json\/wp\/v2\/media?parent=10888"}],"wp:term":[{"taxonomy":"category","embeddable":true,"href":"https:\/\/blog.polityka.pl\/adamczewski\/wp-json\/wp\/v2\/categories?post=10888"},{"taxonomy":"post_tag","embeddable":true,"href":"https:\/\/blog.polityka.pl\/adamczewski\/wp-json\/wp\/v2\/tags?post=10888"}],"curies":[{"name":"wp","href":"https:\/\/api.w.org\/{rel}","templated":true}]}}