
{"id":10893,"date":"2011-08-05T08:37:38","date_gmt":"2011-08-05T07:37:38","guid":{"rendered":"http:\/\/adamczewscy.pl\/?p=3263"},"modified":"2011-08-05T08:37:38","modified_gmt":"2011-08-05T07:37:38","slug":"wstazki-z-sosem-z-tunczyka","status":"publish","type":"post","link":"https:\/\/blog.polityka.pl\/adamczewski\/2011\/08\/05\/wstazki-z-sosem-z-tunczyka\/","title":{"rendered":"Wst\u0105\u017cki z sosem z tu\u0144czyka"},"content":{"rendered":"<p><em>Opakowanie makaronu wst\u0105\u017cki, 2 puszki tu\u0144czyka z sosie w\u0142asnym, puszka pomidor\u00f3w  bez sk\u00f3rki w soku, 2 z\u0105bki czosnku, \u015brednia cebula, 3 \u0142y\u017cki mas\u0142a, 3\/4 szklanki startego parmezanu, 15 czarnych oliwek, \u0142y\u017cka oliwy z oliwek, s\u00f3l, szczypta tymianku<\/em><\/p>\n<p>1. Na patelni  rozgrza\u0107 mas\u0142o, zeszkli\u0107 na nim drobno posiekan\u0105  cebul\u0119 i przeci\u015bni\u0119ty przez prask\u0119  czosnek, doda\u0107 pokrojone w plasterki oliwki, chwil\u0119 dusi\u0107 ,  po czym doda\u0107  puszk\u0119  pomidor\u00f3w i dusi\u0107 3-4 minuty, doprawi\u0107  w miar\u0119  potrzeby sol\u0105, doda\u0107 tymianek .<br \/>\n2. Tu\u0144czyka ods\u0105czy\u0107 z zalewy, rozdrobni\u0107   widelcem, doda\u0107  do pomidorowego sosu.<br \/>\n3. Ugotowa\u0107 makaron w wodzie z dodatkiem oliwy, odcedzi\u0107, w\u0142o\u017cy\u0107 do patelni z sosem, wymiesza\u0107.<br \/>\nPodaj\u0105c posypa\u0107 parmezanem.<\/p>\n","protected":false},"excerpt":{"rendered":"<p>Opakowanie makaronu wst\u0105\u017cki, 2 puszki tu\u0144czyka z sosie w\u0142asnym, puszka pomidor\u00f3w bez sk\u00f3rki w soku, 2 z\u0105bki czosnku, \u015brednia cebula, 3 \u0142y\u017cki mas\u0142a, 3\/4 szklanki startego parmezanu, 15 czarnych oliwek, \u0142y\u017cka oliwy z oliwek, s\u00f3l, szczypta tymianku 1. Na patelni rozgrza\u0107 mas\u0142o, zeszkli\u0107 na nim drobno posiekan\u0105 cebul\u0119 i przeci\u015bni\u0119ty przez prask\u0119 czosnek, doda\u0107 pokrojone [&hellip;]<\/p>\n","protected":false},"author":2,"featured_media":0,"comment_status":"open","ping_status":"open","sticky":false,"template":"","format":"standard","meta":{"footnotes":""},"categories":[1],"tags":[],"_links":{"self":[{"href":"https:\/\/blog.polityka.pl\/adamczewski\/wp-json\/wp\/v2\/posts\/10893"}],"collection":[{"href":"https:\/\/blog.polityka.pl\/adamczewski\/wp-json\/wp\/v2\/posts"}],"about":[{"href":"https:\/\/blog.polityka.pl\/adamczewski\/wp-json\/wp\/v2\/types\/post"}],"author":[{"embeddable":true,"href":"https:\/\/blog.polityka.pl\/adamczewski\/wp-json\/wp\/v2\/users\/2"}],"replies":[{"embeddable":true,"href":"https:\/\/blog.polityka.pl\/adamczewski\/wp-json\/wp\/v2\/comments?post=10893"}],"version-history":[{"count":0,"href":"https:\/\/blog.polityka.pl\/adamczewski\/wp-json\/wp\/v2\/posts\/10893\/revisions"}],"wp:attachment":[{"href":"https:\/\/blog.polityka.pl\/adamczewski\/wp-json\/wp\/v2\/media?parent=10893"}],"wp:term":[{"taxonomy":"category","embeddable":true,"href":"https:\/\/blog.polityka.pl\/adamczewski\/wp-json\/wp\/v2\/categories?post=10893"},{"taxonomy":"post_tag","embeddable":true,"href":"https:\/\/blog.polityka.pl\/adamczewski\/wp-json\/wp\/v2\/tags?post=10893"}],"curies":[{"name":"wp","href":"https:\/\/api.w.org\/{rel}","templated":true}]}}