
{"id":10894,"date":"2011-08-05T08:38:32","date_gmt":"2011-08-05T07:38:32","guid":{"rendered":"http:\/\/adamczewscy.pl\/?p=3264"},"modified":"2011-08-05T08:38:32","modified_gmt":"2011-08-05T07:38:32","slug":"paczkowy-ekspres","status":"publish","type":"post","link":"https:\/\/blog.polityka.pl\/adamczewski\/2011\/08\/05\/paczkowy-ekspres\/","title":{"rendered":"P\u0105czkowy ekspres"},"content":{"rendered":"<p><em>25 dag serka waniliowego, szklanka m\u0105ki, jajko, \u0142y\u017ceczka proszku do pieczenia, 1,5 szklanki oleju do pieczenia, cukier puder do posypywania<\/em><\/p>\n<p>1. M\u0105k\u0119, jajko, serek i proszek do pieczenia zmiksowa\u0107 w miseczce.<br \/>\n2. Na patelni rozgrza\u0107 olej (gdyby by\u0142o zbyt ma\u0142o dola\u0107 jeszcze p\u00f3\u0142 szklanki). Ma\u0142ymi porcjami wk\u0142ada\u0107  po  kulce ciasto na rozgrzany olej.<br \/>\n3. Wyjmowa\u0107  rumiane p\u0105czki \u0142y\u017ck\u0105 cedzakow\u0105, uk\u0142ada\u0107 na kuchennym papierowym r\u0119czniku. Posypywa\u0107 cukrem pudrem przez sitko.<\/p>\n","protected":false},"excerpt":{"rendered":"<p>25 dag serka waniliowego, szklanka m\u0105ki, jajko, \u0142y\u017ceczka proszku do pieczenia, 1,5 szklanki oleju do pieczenia, cukier puder do posypywania 1. M\u0105k\u0119, jajko, serek i proszek do pieczenia zmiksowa\u0107 w miseczce. 2. Na patelni rozgrza\u0107 olej (gdyby by\u0142o zbyt ma\u0142o dola\u0107 jeszcze p\u00f3\u0142 szklanki). Ma\u0142ymi porcjami wk\u0142ada\u0107 po kulce ciasto na rozgrzany olej. 3. Wyjmowa\u0107 [&hellip;]<\/p>\n","protected":false},"author":2,"featured_media":0,"comment_status":"open","ping_status":"open","sticky":false,"template":"","format":"standard","meta":{"footnotes":""},"categories":[1],"tags":[],"_links":{"self":[{"href":"https:\/\/blog.polityka.pl\/adamczewski\/wp-json\/wp\/v2\/posts\/10894"}],"collection":[{"href":"https:\/\/blog.polityka.pl\/adamczewski\/wp-json\/wp\/v2\/posts"}],"about":[{"href":"https:\/\/blog.polityka.pl\/adamczewski\/wp-json\/wp\/v2\/types\/post"}],"author":[{"embeddable":true,"href":"https:\/\/blog.polityka.pl\/adamczewski\/wp-json\/wp\/v2\/users\/2"}],"replies":[{"embeddable":true,"href":"https:\/\/blog.polityka.pl\/adamczewski\/wp-json\/wp\/v2\/comments?post=10894"}],"version-history":[{"count":0,"href":"https:\/\/blog.polityka.pl\/adamczewski\/wp-json\/wp\/v2\/posts\/10894\/revisions"}],"wp:attachment":[{"href":"https:\/\/blog.polityka.pl\/adamczewski\/wp-json\/wp\/v2\/media?parent=10894"}],"wp:term":[{"taxonomy":"category","embeddable":true,"href":"https:\/\/blog.polityka.pl\/adamczewski\/wp-json\/wp\/v2\/categories?post=10894"},{"taxonomy":"post_tag","embeddable":true,"href":"https:\/\/blog.polityka.pl\/adamczewski\/wp-json\/wp\/v2\/tags?post=10894"}],"curies":[{"name":"wp","href":"https:\/\/api.w.org\/{rel}","templated":true}]}}