
{"id":10895,"date":"2011-08-05T08:39:25","date_gmt":"2011-08-05T07:39:25","guid":{"rendered":"http:\/\/adamczewscy.pl\/?p=3265"},"modified":"2011-08-05T08:39:25","modified_gmt":"2011-08-05T07:39:25","slug":"szaszlyk-2","status":"publish","type":"post","link":"https:\/\/blog.polityka.pl\/adamczewski\/2011\/08\/05\/szaszlyk-2\/","title":{"rendered":"Szasz\u0142yk"},"content":{"rendered":"<p><em>Podw\u00f3jny filet z piersi kurczaka, ok.30 dag mi\u0119kkiego \u017c\u00f3\u0142tego sera (w kawa\u0142ku), s\u00f3l, pieprz, jajko, 3 \u0142y\u017cki tartej bu\u0142ki, 1\/3 szklanki oleju lub oliwy<\/em><\/p>\n<p>1. Pokroi\u0107 mi\u0119so w r\u00f3wna kostk\u0119, opr\u00f3szy\u0107 sol\u0105 i pieprzem. W\u0142o\u017cy\u0107  do lod\u00f3wki.<br \/>\n2. Ser pokroi\u0107 w kostk\u0119 mniej wi\u0119cej  takiej  wielko\u015bci jak kostki mi\u0119sa.<br \/>\n3. Na szpadki do szasz\u0142yk\u00f3w nadziewa\u0107 na zmian\u0119 mi\u0119so i ser.<br \/>\n4. Macza\u0107 szasz\u0142yki najpierw w rozbitym z woda jajku, nast\u0119pnie w tartej bu\u0142ce.<br \/>\n5. Sma\u017cy\u0107 na rozgrzanej oliwie lub oleju  ze wszystkich stron.<\/p>\n","protected":false},"excerpt":{"rendered":"<p>Podw\u00f3jny filet z piersi kurczaka, ok.30 dag mi\u0119kkiego \u017c\u00f3\u0142tego sera (w kawa\u0142ku), s\u00f3l, pieprz, jajko, 3 \u0142y\u017cki tartej bu\u0142ki, 1\/3 szklanki oleju lub oliwy 1. Pokroi\u0107 mi\u0119so w r\u00f3wna kostk\u0119, opr\u00f3szy\u0107 sol\u0105 i pieprzem. W\u0142o\u017cy\u0107 do lod\u00f3wki. 2. Ser pokroi\u0107 w kostk\u0119 mniej wi\u0119cej takiej wielko\u015bci jak kostki mi\u0119sa. 3. Na szpadki do szasz\u0142yk\u00f3w nadziewa\u0107 [&hellip;]<\/p>\n","protected":false},"author":2,"featured_media":0,"comment_status":"open","ping_status":"open","sticky":false,"template":"","format":"standard","meta":{"footnotes":""},"categories":[1],"tags":[],"_links":{"self":[{"href":"https:\/\/blog.polityka.pl\/adamczewski\/wp-json\/wp\/v2\/posts\/10895"}],"collection":[{"href":"https:\/\/blog.polityka.pl\/adamczewski\/wp-json\/wp\/v2\/posts"}],"about":[{"href":"https:\/\/blog.polityka.pl\/adamczewski\/wp-json\/wp\/v2\/types\/post"}],"author":[{"embeddable":true,"href":"https:\/\/blog.polityka.pl\/adamczewski\/wp-json\/wp\/v2\/users\/2"}],"replies":[{"embeddable":true,"href":"https:\/\/blog.polityka.pl\/adamczewski\/wp-json\/wp\/v2\/comments?post=10895"}],"version-history":[{"count":0,"href":"https:\/\/blog.polityka.pl\/adamczewski\/wp-json\/wp\/v2\/posts\/10895\/revisions"}],"wp:attachment":[{"href":"https:\/\/blog.polityka.pl\/adamczewski\/wp-json\/wp\/v2\/media?parent=10895"}],"wp:term":[{"taxonomy":"category","embeddable":true,"href":"https:\/\/blog.polityka.pl\/adamczewski\/wp-json\/wp\/v2\/categories?post=10895"},{"taxonomy":"post_tag","embeddable":true,"href":"https:\/\/blog.polityka.pl\/adamczewski\/wp-json\/wp\/v2\/tags?post=10895"}],"curies":[{"name":"wp","href":"https:\/\/api.w.org\/{rel}","templated":true}]}}