
{"id":10896,"date":"2011-08-12T05:46:15","date_gmt":"2011-08-12T04:46:15","guid":{"rendered":"http:\/\/adamczewscy.pl\/?p=3267"},"modified":"2011-08-12T05:46:15","modified_gmt":"2011-08-12T04:46:15","slug":"zapiekane-nektarynki","status":"publish","type":"post","link":"https:\/\/blog.polityka.pl\/adamczewski\/2011\/08\/12\/zapiekane-nektarynki\/","title":{"rendered":"Zapiekane nektarynki"},"content":{"rendered":"<p><em>4 nektarynki, 3\/4 szklanki soku winogronowego, ? szklanki cukru, 25 dag serka mascarpone, 4 \u0142y\u017cki s\u0142upk\u00f3w migda\u0142owych, \u0142y\u017ceczka oleju<\/em><\/p>\n<p>1. Nektarynki przepo\u0142owi\u0107, usun\u0105\u0107 pestk\u0119. U\u0142o\u017cy\u0107 na blaszce, przekrojem do g\u00f3ry.<br \/>\n2. Wymiesza\u0107 sok winogronowy z 3 \u0142y\u017ckami cukru i pola\u0107 nektarynki.<br \/>\n3. W piekarniku nagrzanym do 200 \u00b0C piec owoce 30 minut.<br \/>\n4. Pozosta\u0142y cukier rozpu\u015bci\u0107 na patelni, wrzuci\u0107 s\u0142upki migda\u0142owe. Kiedy migda\u0142y pokryj\u0105 si\u0119 karmelem, prze\u0142o\u017cy\u0107 na posmarowan\u0105 olejem blaszk\u0119 (mo\u017ce by\u0107 aluminiowa). Zastygni\u0119te migda\u0142y posieka\u0107 szerokim, ostrym no\u017cem.<br \/>\n5. Nektarynki dekorowa\u0107 sporymi porcjami mascarpone posypa\u0107 siekanymi migda\u0142ami w karmelu. <\/p>\n","protected":false},"excerpt":{"rendered":"<p>4 nektarynki, 3\/4 szklanki soku winogronowego, ? szklanki cukru, 25 dag serka mascarpone, 4 \u0142y\u017cki s\u0142upk\u00f3w migda\u0142owych, \u0142y\u017ceczka oleju 1. Nektarynki przepo\u0142owi\u0107, usun\u0105\u0107 pestk\u0119. U\u0142o\u017cy\u0107 na blaszce, przekrojem do g\u00f3ry. 2. Wymiesza\u0107 sok winogronowy z 3 \u0142y\u017ckami cukru i pola\u0107 nektarynki. 3. W piekarniku nagrzanym do 200 \u00b0C piec owoce 30 minut. 4. Pozosta\u0142y cukier [&hellip;]<\/p>\n","protected":false},"author":2,"featured_media":0,"comment_status":"open","ping_status":"open","sticky":false,"template":"","format":"standard","meta":{"footnotes":""},"categories":[1],"tags":[],"_links":{"self":[{"href":"https:\/\/blog.polityka.pl\/adamczewski\/wp-json\/wp\/v2\/posts\/10896"}],"collection":[{"href":"https:\/\/blog.polityka.pl\/adamczewski\/wp-json\/wp\/v2\/posts"}],"about":[{"href":"https:\/\/blog.polityka.pl\/adamczewski\/wp-json\/wp\/v2\/types\/post"}],"author":[{"embeddable":true,"href":"https:\/\/blog.polityka.pl\/adamczewski\/wp-json\/wp\/v2\/users\/2"}],"replies":[{"embeddable":true,"href":"https:\/\/blog.polityka.pl\/adamczewski\/wp-json\/wp\/v2\/comments?post=10896"}],"version-history":[{"count":0,"href":"https:\/\/blog.polityka.pl\/adamczewski\/wp-json\/wp\/v2\/posts\/10896\/revisions"}],"wp:attachment":[{"href":"https:\/\/blog.polityka.pl\/adamczewski\/wp-json\/wp\/v2\/media?parent=10896"}],"wp:term":[{"taxonomy":"category","embeddable":true,"href":"https:\/\/blog.polityka.pl\/adamczewski\/wp-json\/wp\/v2\/categories?post=10896"},{"taxonomy":"post_tag","embeddable":true,"href":"https:\/\/blog.polityka.pl\/adamczewski\/wp-json\/wp\/v2\/tags?post=10896"}],"curies":[{"name":"wp","href":"https:\/\/api.w.org\/{rel}","templated":true}]}}