
{"id":10897,"date":"2011-08-18T16:33:15","date_gmt":"2011-08-18T15:33:15","guid":{"rendered":"http:\/\/adamczewscy.pl\/?p=3273"},"modified":"2011-08-18T16:33:15","modified_gmt":"2011-08-18T15:33:15","slug":"zapiekanka-z-lososia-i-szpinaku","status":"publish","type":"post","link":"https:\/\/blog.polityka.pl\/adamczewski\/2011\/08\/18\/zapiekanka-z-lososia-i-szpinaku\/","title":{"rendered":"Zapiekanka z \u0142ososia i szpinaku"},"content":{"rendered":"<p><em>Ok.1 kg \u015bwie\u017cego szpinaku,ok.50 dag filetu z \u0142ososia,  1,5 szklanki startego \u017c\u00f3\u0142tego sera,3 \u0142y\u017cki mas\u0142a, jajko, sok z  ? cytryny, 2 z\u0105bki czosnku, s\u00f3l, pieprz, szczypta startej ga\u0142ki muszkato\u0142owej<br \/>\n<\/em><br \/>\n1. Fiolet z \u0142ososia  sprawi\u0107 ,zdj\u0105\u0107 sk\u00f3r\u0119, skropi\u0107  cytryn\u0105, posypa\u0107  sol\u0105, pieprzem i start\u0105 ga\u0142k\u0105 muszkato\u0142ow\u0105.<br \/>\n2. Szpinak oczy\u015bci\u0107, umy\u0107 ,os\u0105czy\u0107 ,w\u0142o\u017cy\u0107 do garnka wraz 2 \u0142y\u017ckami mas\u0142a i przeci\u015bni\u0119tym przez prask\u0119 czosnkiem. Dusi\u0107 chwil\u0119  pod przykrywk\u0105, potem zdj\u0105\u0107  ja i odparowa\u0107 szpinak.<br \/>\n3. W niezbyt szerokim naczyniu \u017caroodpornym wysmarowanym pozosta\u0142ym mas\u0142em u\u0142o\u017cy\u0107  szpinak, na nim doprawion\u0105 ryb\u0119.<br \/>\nNaczynie powinno by\u0107 niezbyt szerokie, mniej wi\u0119cej wielko\u015bci p\u0142ata ryby.<br \/>\n4. Wymiesza\u0107 \u015bmietan\u0119 z jajkiem i startym serem, zala\u0107 z wierzchu ryb\u0119.<br \/>\n5. Nagrza\u0107 piekarnik do temperatury 200\u00b0C i piec ryb\u0119 oko\u0142o 20minut. <\/p>\n","protected":false},"excerpt":{"rendered":"<p>Ok.1 kg \u015bwie\u017cego szpinaku,ok.50 dag filetu z \u0142ososia, 1,5 szklanki startego \u017c\u00f3\u0142tego sera,3 \u0142y\u017cki mas\u0142a, jajko, sok z ? cytryny, 2 z\u0105bki czosnku, s\u00f3l, pieprz, szczypta startej ga\u0142ki muszkato\u0142owej 1. Fiolet z \u0142ososia sprawi\u0107 ,zdj\u0105\u0107 sk\u00f3r\u0119, skropi\u0107 cytryn\u0105, posypa\u0107 sol\u0105, pieprzem i start\u0105 ga\u0142k\u0105 muszkato\u0142ow\u0105. 2. Szpinak oczy\u015bci\u0107, umy\u0107 ,os\u0105czy\u0107 ,w\u0142o\u017cy\u0107 do garnka wraz 2 [&hellip;]<\/p>\n","protected":false},"author":2,"featured_media":0,"comment_status":"open","ping_status":"open","sticky":false,"template":"","format":"standard","meta":{"footnotes":""},"categories":[1],"tags":[],"_links":{"self":[{"href":"https:\/\/blog.polityka.pl\/adamczewski\/wp-json\/wp\/v2\/posts\/10897"}],"collection":[{"href":"https:\/\/blog.polityka.pl\/adamczewski\/wp-json\/wp\/v2\/posts"}],"about":[{"href":"https:\/\/blog.polityka.pl\/adamczewski\/wp-json\/wp\/v2\/types\/post"}],"author":[{"embeddable":true,"href":"https:\/\/blog.polityka.pl\/adamczewski\/wp-json\/wp\/v2\/users\/2"}],"replies":[{"embeddable":true,"href":"https:\/\/blog.polityka.pl\/adamczewski\/wp-json\/wp\/v2\/comments?post=10897"}],"version-history":[{"count":0,"href":"https:\/\/blog.polityka.pl\/adamczewski\/wp-json\/wp\/v2\/posts\/10897\/revisions"}],"wp:attachment":[{"href":"https:\/\/blog.polityka.pl\/adamczewski\/wp-json\/wp\/v2\/media?parent=10897"}],"wp:term":[{"taxonomy":"category","embeddable":true,"href":"https:\/\/blog.polityka.pl\/adamczewski\/wp-json\/wp\/v2\/categories?post=10897"},{"taxonomy":"post_tag","embeddable":true,"href":"https:\/\/blog.polityka.pl\/adamczewski\/wp-json\/wp\/v2\/tags?post=10897"}],"curies":[{"name":"wp","href":"https:\/\/api.w.org\/{rel}","templated":true}]}}