
{"id":10898,"date":"2011-08-18T16:34:00","date_gmt":"2011-08-18T15:34:00","guid":{"rendered":"http:\/\/adamczewscy.pl\/?p=3274"},"modified":"2011-08-18T16:34:00","modified_gmt":"2011-08-18T15:34:00","slug":"pavlova","status":"publish","type":"post","link":"https:\/\/blog.polityka.pl\/adamczewski\/2011\/08\/18\/pavlova\/","title":{"rendered":"Pavlova"},"content":{"rendered":"<p><em>5 bia\u0142ek, szczypta soli, szklanka cukru, szklanka  ozi\u0119bionej \u015bmietanki 30-proc. 2 \u0142y\u017cki cukru pudru, szklanka malin lub innych mi\u0119kkich owoc\u00f3w, \u0142y\u017ceczka mas\u0142a<\/em><\/p>\n<p>1. Ubi\u0107 bardzo sztywn\u0105 pian\u0119 z bia\u0142ek ze szczypta soli, pod koniec, kiedy piana jest sztywna doda\u0107 cukier i ubija\u0107  dot\u0105d ,a\u017c si\u0119 rozpu\u015bci.<br \/>\n2. Kr\u0105\u017cek  od du\u017cej  tortownicy lub du\u017c\u0105 okr\u0105g\u0142\u0105   aluminiow\u0105 foremk\u0119 przeznaczon\u0105  do pieczenia tart  posmarowa\u0107 lekko mas\u0142em.<br \/>\n3. Ubit\u0105 pian\u0119 w\u0142o\u017cy\u0107 do czystego, najlepiej nowego woreczka plastikowego ,odci\u0105\u0107 koniuszek woreczka i wycisn\u0105\u0107  pian\u0119: zaczynaj\u0105c od brzegu ,ko\u0144cz\u0105c po \u015brodku wyciska\u0107  wok\u00f3\u0142 obwodu r\u00f3wny wa\u0142eczek formuj\u0105c \u015blimaka .<br \/>\n4. Wstawic na 15 minut do piekarnika nagrzanego do 160 \u00b0C, potem w 100\u00b0piec bez\u0119 oko\u0142o 90 minut, gdyby wierzch si\u0119 rumieni\u0142 lekko-mo\u017cna uchylic na centymetr drzwiczki piekarnika.<br \/>\n5. Kiedy beza ostygnie ubi\u0107 ozi\u0119biona \u015bmietank\u0119,pod koniec dodac cukier puder.<br \/>\n6. Na wierch bezy u\u0142o\u017cy\u0107 \u015bmietank\u0119 a na niej maliny. Podawa\u0107 od razu lub po nied\u0142ugim czasie. Kroi\u0107 jak tort.<\/p>\n","protected":false},"excerpt":{"rendered":"<p>5 bia\u0142ek, szczypta soli, szklanka cukru, szklanka ozi\u0119bionej \u015bmietanki 30-proc. 2 \u0142y\u017cki cukru pudru, szklanka malin lub innych mi\u0119kkich owoc\u00f3w, \u0142y\u017ceczka mas\u0142a 1. Ubi\u0107 bardzo sztywn\u0105 pian\u0119 z bia\u0142ek ze szczypta soli, pod koniec, kiedy piana jest sztywna doda\u0107 cukier i ubija\u0107 dot\u0105d ,a\u017c si\u0119 rozpu\u015bci. 2. Kr\u0105\u017cek od du\u017cej tortownicy lub du\u017c\u0105 okr\u0105g\u0142\u0105 aluminiow\u0105 [&hellip;]<\/p>\n","protected":false},"author":2,"featured_media":0,"comment_status":"open","ping_status":"open","sticky":false,"template":"","format":"standard","meta":{"footnotes":""},"categories":[1],"tags":[],"_links":{"self":[{"href":"https:\/\/blog.polityka.pl\/adamczewski\/wp-json\/wp\/v2\/posts\/10898"}],"collection":[{"href":"https:\/\/blog.polityka.pl\/adamczewski\/wp-json\/wp\/v2\/posts"}],"about":[{"href":"https:\/\/blog.polityka.pl\/adamczewski\/wp-json\/wp\/v2\/types\/post"}],"author":[{"embeddable":true,"href":"https:\/\/blog.polityka.pl\/adamczewski\/wp-json\/wp\/v2\/users\/2"}],"replies":[{"embeddable":true,"href":"https:\/\/blog.polityka.pl\/adamczewski\/wp-json\/wp\/v2\/comments?post=10898"}],"version-history":[{"count":0,"href":"https:\/\/blog.polityka.pl\/adamczewski\/wp-json\/wp\/v2\/posts\/10898\/revisions"}],"wp:attachment":[{"href":"https:\/\/blog.polityka.pl\/adamczewski\/wp-json\/wp\/v2\/media?parent=10898"}],"wp:term":[{"taxonomy":"category","embeddable":true,"href":"https:\/\/blog.polityka.pl\/adamczewski\/wp-json\/wp\/v2\/categories?post=10898"},{"taxonomy":"post_tag","embeddable":true,"href":"https:\/\/blog.polityka.pl\/adamczewski\/wp-json\/wp\/v2\/tags?post=10898"}],"curies":[{"name":"wp","href":"https:\/\/api.w.org\/{rel}","templated":true}]}}