
{"id":10899,"date":"2011-08-18T16:34:31","date_gmt":"2011-08-18T15:34:31","guid":{"rendered":"http:\/\/adamczewscy.pl\/?p=3275"},"modified":"2011-08-18T16:34:31","modified_gmt":"2011-08-18T15:34:31","slug":"mielone-z-ciecierzyca","status":"publish","type":"post","link":"https:\/\/blog.polityka.pl\/adamczewski\/2011\/08\/18\/mielone-z-ciecierzyca\/","title":{"rendered":"Mielone z ciecierzyc\u0105"},"content":{"rendered":"<p><em>? szklanki  ciecierzycy ods\u0105czonej z zalewy, 2 dymki,3 \u0142y\u017cki posiekanej kolendry,40 dag mielonej wo\u0142owiny lub mi\u0119sa z indyka, 2 \u0142y\u017cki tartej bu\u0142ki s\u00f3l, pieprz, szczypta mielonego kminu rzymskiego, jajko<br \/>\nDo sma\u017cenia: 3 \u0142y\u017cki oleju i \u0142y\u017cka mas\u0142a<\/em><\/p>\n<p>1. Dymk\u0119 posieka\u0107<br \/>\n2. Wymiesza\u0107 mi\u0119so z jajkiem, tart\u0105 bu\u0142k\u0105 ,posiekan\u0105 dymk\u0105, kolendr\u0105 i ciecierzyc\u0105. Doprawi\u0107 sol\u0105 ,pieprzem i kminem rzymskim. Dok\u0142adnie wyrobi\u0107 ,najlepiej r\u0119kami.<br \/>\n3. Rozgrza\u0107 olej z mas\u0142em, formowa\u0107  wilgotnymi d\u0142o\u0144mi niedu\u017ce ,okr\u0105g\u0142e, lekko sp\u0142aszczone kotlety i sma\u017cy\u0107 po 5 minut z ka\u017cdej strony.<\/p>\n","protected":false},"excerpt":{"rendered":"<p>? szklanki ciecierzycy ods\u0105czonej z zalewy, 2 dymki,3 \u0142y\u017cki posiekanej kolendry,40 dag mielonej wo\u0142owiny lub mi\u0119sa z indyka, 2 \u0142y\u017cki tartej bu\u0142ki s\u00f3l, pieprz, szczypta mielonego kminu rzymskiego, jajko Do sma\u017cenia: 3 \u0142y\u017cki oleju i \u0142y\u017cka mas\u0142a 1. Dymk\u0119 posieka\u0107 2. Wymiesza\u0107 mi\u0119so z jajkiem, tart\u0105 bu\u0142k\u0105 ,posiekan\u0105 dymk\u0105, kolendr\u0105 i ciecierzyc\u0105. Doprawi\u0107 sol\u0105 ,pieprzem [&hellip;]<\/p>\n","protected":false},"author":2,"featured_media":0,"comment_status":"open","ping_status":"open","sticky":false,"template":"","format":"standard","meta":{"footnotes":""},"categories":[1],"tags":[],"_links":{"self":[{"href":"https:\/\/blog.polityka.pl\/adamczewski\/wp-json\/wp\/v2\/posts\/10899"}],"collection":[{"href":"https:\/\/blog.polityka.pl\/adamczewski\/wp-json\/wp\/v2\/posts"}],"about":[{"href":"https:\/\/blog.polityka.pl\/adamczewski\/wp-json\/wp\/v2\/types\/post"}],"author":[{"embeddable":true,"href":"https:\/\/blog.polityka.pl\/adamczewski\/wp-json\/wp\/v2\/users\/2"}],"replies":[{"embeddable":true,"href":"https:\/\/blog.polityka.pl\/adamczewski\/wp-json\/wp\/v2\/comments?post=10899"}],"version-history":[{"count":0,"href":"https:\/\/blog.polityka.pl\/adamczewski\/wp-json\/wp\/v2\/posts\/10899\/revisions"}],"wp:attachment":[{"href":"https:\/\/blog.polityka.pl\/adamczewski\/wp-json\/wp\/v2\/media?parent=10899"}],"wp:term":[{"taxonomy":"category","embeddable":true,"href":"https:\/\/blog.polityka.pl\/adamczewski\/wp-json\/wp\/v2\/categories?post=10899"},{"taxonomy":"post_tag","embeddable":true,"href":"https:\/\/blog.polityka.pl\/adamczewski\/wp-json\/wp\/v2\/tags?post=10899"}],"curies":[{"name":"wp","href":"https:\/\/api.w.org\/{rel}","templated":true}]}}