
{"id":10900,"date":"2011-08-18T16:35:02","date_gmt":"2011-08-18T15:35:02","guid":{"rendered":"http:\/\/adamczewscy.pl\/?p=3276"},"modified":"2011-08-18T16:35:02","modified_gmt":"2011-08-18T15:35:02","slug":"krem-z-grzybow","status":"publish","type":"post","link":"https:\/\/blog.polityka.pl\/adamczewski\/2011\/08\/18\/krem-z-grzybow\/","title":{"rendered":"Krem z grzyb\u00f3w"},"content":{"rendered":"<p><em>50 dag le\u015bnych grzyb\u00f3w, cebula, kostka bulionowa, 2 \u0142y\u017cki mas\u0142a,4 \u0142y\u017cki \u015bmietany 30-proc., \u0142y\u017ceczka maki pszennej, \u0142y\u017ceczka m\u0105ki ziemniaczanej, \u0142y\u017cka soku cytrynowego, przyprawa do zup, pieprz, s\u00f3l<\/em><\/p>\n<p>1.Grzyby oczy\u015bci\u0107 ,umy\u0107, posieka\u0107. Wraz z posiekan\u0105  cebul\u0105 wrzuci\u0107  na rozpuszczone w garnku  mas\u0142o i dusi\u0107.<br \/>\n2.4 szklanki wody zagotowa\u0107, doda\u0107 kostk\u0119 bulionow\u0105, wla\u0107 do grzyb\u00f3w i zagotowa\u0107.<br \/>\n3.Wymiesza\u0107\u015bmietan\u0119 z obu rodzajami m\u0105ki, doda\u0107 do zupy i zmiksowa\u0107, po czym zagotowa\u0107  zup\u0119 ?krem mieszaj\u0105c, doprawi\u0107 sol\u0105, pieprzem i sokiem cytrynowym oraz przypraw\u0105 do zup.<br \/>\n4.Krem podawa\u0107 z grzankami.<\/p>\n","protected":false},"excerpt":{"rendered":"<p>50 dag le\u015bnych grzyb\u00f3w, cebula, kostka bulionowa, 2 \u0142y\u017cki mas\u0142a,4 \u0142y\u017cki \u015bmietany 30-proc., \u0142y\u017ceczka maki pszennej, \u0142y\u017ceczka m\u0105ki ziemniaczanej, \u0142y\u017cka soku cytrynowego, przyprawa do zup, pieprz, s\u00f3l 1.Grzyby oczy\u015bci\u0107 ,umy\u0107, posieka\u0107. Wraz z posiekan\u0105 cebul\u0105 wrzuci\u0107 na rozpuszczone w garnku mas\u0142o i dusi\u0107. 2.4 szklanki wody zagotowa\u0107, doda\u0107 kostk\u0119 bulionow\u0105, wla\u0107 do grzyb\u00f3w i zagotowa\u0107. [&hellip;]<\/p>\n","protected":false},"author":2,"featured_media":0,"comment_status":"open","ping_status":"open","sticky":false,"template":"","format":"standard","meta":{"footnotes":""},"categories":[1],"tags":[],"_links":{"self":[{"href":"https:\/\/blog.polityka.pl\/adamczewski\/wp-json\/wp\/v2\/posts\/10900"}],"collection":[{"href":"https:\/\/blog.polityka.pl\/adamczewski\/wp-json\/wp\/v2\/posts"}],"about":[{"href":"https:\/\/blog.polityka.pl\/adamczewski\/wp-json\/wp\/v2\/types\/post"}],"author":[{"embeddable":true,"href":"https:\/\/blog.polityka.pl\/adamczewski\/wp-json\/wp\/v2\/users\/2"}],"replies":[{"embeddable":true,"href":"https:\/\/blog.polityka.pl\/adamczewski\/wp-json\/wp\/v2\/comments?post=10900"}],"version-history":[{"count":0,"href":"https:\/\/blog.polityka.pl\/adamczewski\/wp-json\/wp\/v2\/posts\/10900\/revisions"}],"wp:attachment":[{"href":"https:\/\/blog.polityka.pl\/adamczewski\/wp-json\/wp\/v2\/media?parent=10900"}],"wp:term":[{"taxonomy":"category","embeddable":true,"href":"https:\/\/blog.polityka.pl\/adamczewski\/wp-json\/wp\/v2\/categories?post=10900"},{"taxonomy":"post_tag","embeddable":true,"href":"https:\/\/blog.polityka.pl\/adamczewski\/wp-json\/wp\/v2\/tags?post=10900"}],"curies":[{"name":"wp","href":"https:\/\/api.w.org\/{rel}","templated":true}]}}