
{"id":10901,"date":"2011-08-18T16:35:32","date_gmt":"2011-08-18T15:35:32","guid":{"rendered":"http:\/\/adamczewscy.pl\/?p=3277"},"modified":"2011-08-18T16:35:32","modified_gmt":"2011-08-18T15:35:32","slug":"ciasto-ze-sliwkami","status":"publish","type":"post","link":"https:\/\/blog.polityka.pl\/adamczewski\/2011\/08\/18\/ciasto-ze-sliwkami\/","title":{"rendered":"Ciasto ze \u015bliwkami"},"content":{"rendered":"<p><em>50 dag \u015bliwek w\u0119gierek(lub innych, z kt\u00f3rych mo\u017cna \u0142atwo wyj\u0105\u0107 pestki),2 szklanki m\u0105ki, kostka mas\u0142a,4 jajka, szklanka cukru pudru,  2 \u0142y\u017ceczki proszku do pieczenia, cukier waniliowy, \u0142y\u017cka mas\u0142a do posmarowania blachy,\u0142yzka tartej bu\u0142ki dowysypania blaszki<br \/>\nNa polew\u0119: ? szklanki cukru pudru, sok cytrynowy mniej wi\u0119cej z ? cytryny<\/em><\/p>\n<p>1. Umyte \u015bliwki osuszy\u0107, usun\u0105\u0107 pestki.<br \/>\n2. Rozpu\u015bci\u0107 mas\u0142o. Wymiesza\u0107 m\u0105k\u0119  z proszkiem do pieczenia.<br \/>\n3. Bia\u0142ka ubi\u0107   mikserem na sztywn\u0105 pian\u0119, pod koniec wsypa\u0107 cukier i dalej ubija\u0107 dodaj\u0105c po jednym \u017c\u00f3\u0142tku.<br \/>\n4. Po dodaniu wszystkich \u017c\u00f3\u0142tek ,dodawa\u0107 do piany rozpuszczone mas\u0142o i m\u0105k\u0119, po trochu, na zmian\u0119, nadal ubijaj\u0105c mikserem. Doda\u0107 cukier waniliowy, wymiesza\u0107.<br \/>\n5. Przela\u0107 ciasto do wysmarowanej mas\u0142em i wysypanej tart\u0105 bu\u0142k\u0105 formy, na wierzchu u\u0142o\u017cy\u0107 \u015bliwki(najlepiej sk\u00f3rk\u0105 do g\u00f3ry).<br \/>\n6. W nagrzanym do 180\u00b0C piekarniku piec ciasto 15 minut, po czym zwi\u0119kszy\u0107 temperatur\u0119 do 190\u00b0 i piec jeszcze 40 minut.<br \/>\n7. W kubeczku wymiesza\u0107 cukier puder z wkraplanym po trochu sokiem cytrynowym i pola\u0107  lukrem ciasto.<\/p>\n","protected":false},"excerpt":{"rendered":"<p>50 dag \u015bliwek w\u0119gierek(lub innych, z kt\u00f3rych mo\u017cna \u0142atwo wyj\u0105\u0107 pestki),2 szklanki m\u0105ki, kostka mas\u0142a,4 jajka, szklanka cukru pudru, 2 \u0142y\u017ceczki proszku do pieczenia, cukier waniliowy, \u0142y\u017cka mas\u0142a do posmarowania blachy,\u0142yzka tartej bu\u0142ki dowysypania blaszki Na polew\u0119: ? szklanki cukru pudru, sok cytrynowy mniej wi\u0119cej z ? cytryny 1. Umyte \u015bliwki osuszy\u0107, usun\u0105\u0107 pestki. 2. [&hellip;]<\/p>\n","protected":false},"author":2,"featured_media":0,"comment_status":"open","ping_status":"open","sticky":false,"template":"","format":"standard","meta":{"footnotes":""},"categories":[1],"tags":[],"_links":{"self":[{"href":"https:\/\/blog.polityka.pl\/adamczewski\/wp-json\/wp\/v2\/posts\/10901"}],"collection":[{"href":"https:\/\/blog.polityka.pl\/adamczewski\/wp-json\/wp\/v2\/posts"}],"about":[{"href":"https:\/\/blog.polityka.pl\/adamczewski\/wp-json\/wp\/v2\/types\/post"}],"author":[{"embeddable":true,"href":"https:\/\/blog.polityka.pl\/adamczewski\/wp-json\/wp\/v2\/users\/2"}],"replies":[{"embeddable":true,"href":"https:\/\/blog.polityka.pl\/adamczewski\/wp-json\/wp\/v2\/comments?post=10901"}],"version-history":[{"count":0,"href":"https:\/\/blog.polityka.pl\/adamczewski\/wp-json\/wp\/v2\/posts\/10901\/revisions"}],"wp:attachment":[{"href":"https:\/\/blog.polityka.pl\/adamczewski\/wp-json\/wp\/v2\/media?parent=10901"}],"wp:term":[{"taxonomy":"category","embeddable":true,"href":"https:\/\/blog.polityka.pl\/adamczewski\/wp-json\/wp\/v2\/categories?post=10901"},{"taxonomy":"post_tag","embeddable":true,"href":"https:\/\/blog.polityka.pl\/adamczewski\/wp-json\/wp\/v2\/tags?post=10901"}],"curies":[{"name":"wp","href":"https:\/\/api.w.org\/{rel}","templated":true}]}}