
{"id":10902,"date":"2011-08-18T16:36:23","date_gmt":"2011-08-18T15:36:23","guid":{"rendered":"http:\/\/adamczewscy.pl\/?p=3278"},"modified":"2011-08-18T16:36:23","modified_gmt":"2011-08-18T15:36:23","slug":"kaszanka-zapiekana-z-ziemniakami","status":"publish","type":"post","link":"https:\/\/blog.polityka.pl\/adamczewski\/2011\/08\/18\/kaszanka-zapiekana-z-ziemniakami\/","title":{"rendered":"Kaszanka zapiekana z ziemniakami"},"content":{"rendered":"<p><em>Ok. 75 dag  dobrej ,gryczanej kaszanki, 5 ugotowanych w sk\u00f3rce ziemniak\u00f3w, 4  anton\u00f3wki lub inne winne jab\u0142ka, 3\/4 szklanki kwa\u015bnej \u015bmietany (18-proc.), \u0142y\u017cka \u015bwie\u017cego startego chrzanu (mo\u017ce by\u0107 tak\u017ce dobry chrzan ze s\u0142oiczka), s\u00f3l, pieprz<\/em><\/p>\n<p>1. Ziemniaki obra\u0107  ze sk\u00f3rki pokroi\u0107 plasterki. Kaszank\u0119 pokroi\u0107  w r\u00f3wnej grubo\u015bci plasterki.<br \/>\n2. Jab\u0142ka obra\u0107 ze sk\u00f3rki i zetrze\u0107 na grubej jarzynowej tarce.<br \/>\n3. W okr\u0105g\u0142ej p\u0142askiej  formie do zapiekania u\u0142o\u017cy\u0107 plasterki ziemniak\u00f3w wok\u00f3\u0142 zewn\u0119trznej kraw\u0119dzi formy tak aby plasterki na siebie zachodzi\u0142y .W .\u015brodku w ten sam spos\u00f3b pouk\u0142ada\u0107 plasterki kaszanki. Na wierzchu wy\u0142o\u017cy\u0107 starte jab\u0142ka.<br \/>\n4. Wymiesza\u0107 \u015bmietan\u0119 z jajkiem, chrzanem, sol\u0105 i pieprzem, zala\u0107 wierzch zapiekanki.<br \/>\n5. W piekarniku nagrzanym do 180\u00b0C zapieka\u0107 potraw\u0119 20 minut.<\/p>\n","protected":false},"excerpt":{"rendered":"<p>Ok. 75 dag dobrej ,gryczanej kaszanki, 5 ugotowanych w sk\u00f3rce ziemniak\u00f3w, 4 anton\u00f3wki lub inne winne jab\u0142ka, 3\/4 szklanki kwa\u015bnej \u015bmietany (18-proc.), \u0142y\u017cka \u015bwie\u017cego startego chrzanu (mo\u017ce by\u0107 tak\u017ce dobry chrzan ze s\u0142oiczka), s\u00f3l, pieprz 1. Ziemniaki obra\u0107 ze sk\u00f3rki pokroi\u0107 plasterki. Kaszank\u0119 pokroi\u0107 w r\u00f3wnej grubo\u015bci plasterki. 2. Jab\u0142ka obra\u0107 ze sk\u00f3rki i zetrze\u0107 [&hellip;]<\/p>\n","protected":false},"author":2,"featured_media":0,"comment_status":"open","ping_status":"open","sticky":false,"template":"","format":"standard","meta":{"footnotes":""},"categories":[1],"tags":[],"_links":{"self":[{"href":"https:\/\/blog.polityka.pl\/adamczewski\/wp-json\/wp\/v2\/posts\/10902"}],"collection":[{"href":"https:\/\/blog.polityka.pl\/adamczewski\/wp-json\/wp\/v2\/posts"}],"about":[{"href":"https:\/\/blog.polityka.pl\/adamczewski\/wp-json\/wp\/v2\/types\/post"}],"author":[{"embeddable":true,"href":"https:\/\/blog.polityka.pl\/adamczewski\/wp-json\/wp\/v2\/users\/2"}],"replies":[{"embeddable":true,"href":"https:\/\/blog.polityka.pl\/adamczewski\/wp-json\/wp\/v2\/comments?post=10902"}],"version-history":[{"count":0,"href":"https:\/\/blog.polityka.pl\/adamczewski\/wp-json\/wp\/v2\/posts\/10902\/revisions"}],"wp:attachment":[{"href":"https:\/\/blog.polityka.pl\/adamczewski\/wp-json\/wp\/v2\/media?parent=10902"}],"wp:term":[{"taxonomy":"category","embeddable":true,"href":"https:\/\/blog.polityka.pl\/adamczewski\/wp-json\/wp\/v2\/categories?post=10902"},{"taxonomy":"post_tag","embeddable":true,"href":"https:\/\/blog.polityka.pl\/adamczewski\/wp-json\/wp\/v2\/tags?post=10902"}],"curies":[{"name":"wp","href":"https:\/\/api.w.org\/{rel}","templated":true}]}}