
{"id":10903,"date":"2011-08-26T06:52:08","date_gmt":"2011-08-26T05:52:08","guid":{"rendered":"http:\/\/adamczewscy.pl\/?p=3280"},"modified":"2011-08-26T06:52:08","modified_gmt":"2011-08-26T05:52:08","slug":"zupa-z-kabaczkow","status":"publish","type":"post","link":"https:\/\/blog.polityka.pl\/adamczewski\/2011\/08\/26\/zupa-z-kabaczkow\/","title":{"rendered":"Zupa z kabaczk\u00f3w"},"content":{"rendered":"<p><em>4 m\u0142ode, niezbyt du\u017ce kabaczki, 5 szklanek bulionu warzywnego z kostki, 2 ziemniaki, cebula, 2 z\u0105bki czosnku, \u0142y\u017cka mas\u0142a, 2 \u0142y\u017cki oliwy z oliwek, szczypta igie\u0142ek rozmarynowych<br \/>\n2 \u0142y\u017cki posiekanego szczypiorku<\/em><\/p>\n<p>1. Rozgrza\u0107 rondlu mas\u0142o z oliw\u0105, doda\u0107 posiekan\u0105 drobno cebul\u0119, przeci\u015bni\u0119ty przez prask\u0119 czosnek i igie\u0142ki rozmarynu. Kilka minut sma\u017cy\u0107.<br \/>\n2. Doda\u0107 bulion warzywny i obrane, pokrojone w du\u017c\u0105 kostk\u0119 ziemniaki. Gotowa\u0107 10minut.<br \/>\n3. Kabaczki obra\u0107, przekroi\u0107 na po\u0142\u00f3wki, wydr\u0105\u017cy\u0107 pestki, pokroi\u0107 w du\u017c\u0105 kostk\u0119. Gotowa\u0107 5 minut, po czym zmiksowa\u0107 lekko ostudzona zup\u0119, doprawi\u0107 do smaku. Posypa\u0107 szczypiorkiem. <\/p>\n","protected":false},"excerpt":{"rendered":"<p>4 m\u0142ode, niezbyt du\u017ce kabaczki, 5 szklanek bulionu warzywnego z kostki, 2 ziemniaki, cebula, 2 z\u0105bki czosnku, \u0142y\u017cka mas\u0142a, 2 \u0142y\u017cki oliwy z oliwek, szczypta igie\u0142ek rozmarynowych 2 \u0142y\u017cki posiekanego szczypiorku 1. Rozgrza\u0107 rondlu mas\u0142o z oliw\u0105, doda\u0107 posiekan\u0105 drobno cebul\u0119, przeci\u015bni\u0119ty przez prask\u0119 czosnek i igie\u0142ki rozmarynu. Kilka minut sma\u017cy\u0107. 2. Doda\u0107 bulion warzywny [&hellip;]<\/p>\n","protected":false},"author":2,"featured_media":0,"comment_status":"open","ping_status":"open","sticky":false,"template":"","format":"standard","meta":{"footnotes":""},"categories":[1],"tags":[],"_links":{"self":[{"href":"https:\/\/blog.polityka.pl\/adamczewski\/wp-json\/wp\/v2\/posts\/10903"}],"collection":[{"href":"https:\/\/blog.polityka.pl\/adamczewski\/wp-json\/wp\/v2\/posts"}],"about":[{"href":"https:\/\/blog.polityka.pl\/adamczewski\/wp-json\/wp\/v2\/types\/post"}],"author":[{"embeddable":true,"href":"https:\/\/blog.polityka.pl\/adamczewski\/wp-json\/wp\/v2\/users\/2"}],"replies":[{"embeddable":true,"href":"https:\/\/blog.polityka.pl\/adamczewski\/wp-json\/wp\/v2\/comments?post=10903"}],"version-history":[{"count":0,"href":"https:\/\/blog.polityka.pl\/adamczewski\/wp-json\/wp\/v2\/posts\/10903\/revisions"}],"wp:attachment":[{"href":"https:\/\/blog.polityka.pl\/adamczewski\/wp-json\/wp\/v2\/media?parent=10903"}],"wp:term":[{"taxonomy":"category","embeddable":true,"href":"https:\/\/blog.polityka.pl\/adamczewski\/wp-json\/wp\/v2\/categories?post=10903"},{"taxonomy":"post_tag","embeddable":true,"href":"https:\/\/blog.polityka.pl\/adamczewski\/wp-json\/wp\/v2\/tags?post=10903"}],"curies":[{"name":"wp","href":"https:\/\/api.w.org\/{rel}","templated":true}]}}