
{"id":10905,"date":"2011-08-26T06:53:48","date_gmt":"2011-08-26T05:53:48","guid":{"rendered":"http:\/\/adamczewscy.pl\/?p=3282"},"modified":"2011-08-26T06:53:48","modified_gmt":"2011-08-26T05:53:48","slug":"zielony-makaron-z-serem-plesniowym","status":"publish","type":"post","link":"https:\/\/blog.polityka.pl\/adamczewski\/2011\/08\/26\/zielony-makaron-z-serem-plesniowym\/","title":{"rendered":"Zielony makaron z serem ple\u015bniowym"},"content":{"rendered":"<p><em>P\u00f3\u0142 paczki zielonego makaronu, \u015brednia cebula, 100-gramowe opakowanie sera z niebiesk\u0105 ple\u015bni\u0105, p\u00f3\u0142torej szklanki \u015bmietanki 22-proc., 20 dag ma\u0142ych pomidork\u00f3w, 3 \u0142y\u017cki soku cytrynowego, s\u00f3l, \u015bwie\u017co mielony bia\u0142y pieprz, gar\u015b\u0107 rukoli<\/em><\/p>\n<p>1. Pomidorki poprzekrawa\u0107 na czubkach na krzy\u017c, pola\u0107 wrz\u0105tkiem i zdj\u0105\u0107 sk\u00f3rk\u0119. Poprzekrawa\u0107 na po\u0142\u00f3wki.<br \/>\n2. W garnku rozgrza\u0107 oliw\u0119, podsma\u017cy\u0107 na niej posiekan\u0105 drobno cebul\u0119. Wla\u0107 \u015bmietank\u0119 i gotowa\u0107 do momentu, kiedy sos zacznie nieco g\u0119stnie\u0107.<br \/>\n3. Do sosu doda\u0107 pokruszony ser i nadal gotowa\u0107, a\u017c ser si\u0119 rozpu\u015bci, doprawi\u0107 sokiem cytrynowym, sol\u0105 i bia\u0142ym pieprzem. Utrzymywa\u0107 w cieple.<br \/>\n4. Ugotowa\u0107 makaron, odcedzi\u0107, wymiesza\u0107 z gor\u0105cym sosem, w du\u017cej salaterce posypa\u0107 pokrojonymi pomidorkami i rukol\u0105.<\/p>\n","protected":false},"excerpt":{"rendered":"<p>P\u00f3\u0142 paczki zielonego makaronu, \u015brednia cebula, 100-gramowe opakowanie sera z niebiesk\u0105 ple\u015bni\u0105, p\u00f3\u0142torej szklanki \u015bmietanki 22-proc., 20 dag ma\u0142ych pomidork\u00f3w, 3 \u0142y\u017cki soku cytrynowego, s\u00f3l, \u015bwie\u017co mielony bia\u0142y pieprz, gar\u015b\u0107 rukoli 1. Pomidorki poprzekrawa\u0107 na czubkach na krzy\u017c, pola\u0107 wrz\u0105tkiem i zdj\u0105\u0107 sk\u00f3rk\u0119. Poprzekrawa\u0107 na po\u0142\u00f3wki. 2. W garnku rozgrza\u0107 oliw\u0119, podsma\u017cy\u0107 na niej posiekan\u0105 [&hellip;]<\/p>\n","protected":false},"author":2,"featured_media":0,"comment_status":"open","ping_status":"open","sticky":false,"template":"","format":"standard","meta":{"footnotes":""},"categories":[1],"tags":[],"_links":{"self":[{"href":"https:\/\/blog.polityka.pl\/adamczewski\/wp-json\/wp\/v2\/posts\/10905"}],"collection":[{"href":"https:\/\/blog.polityka.pl\/adamczewski\/wp-json\/wp\/v2\/posts"}],"about":[{"href":"https:\/\/blog.polityka.pl\/adamczewski\/wp-json\/wp\/v2\/types\/post"}],"author":[{"embeddable":true,"href":"https:\/\/blog.polityka.pl\/adamczewski\/wp-json\/wp\/v2\/users\/2"}],"replies":[{"embeddable":true,"href":"https:\/\/blog.polityka.pl\/adamczewski\/wp-json\/wp\/v2\/comments?post=10905"}],"version-history":[{"count":0,"href":"https:\/\/blog.polityka.pl\/adamczewski\/wp-json\/wp\/v2\/posts\/10905\/revisions"}],"wp:attachment":[{"href":"https:\/\/blog.polityka.pl\/adamczewski\/wp-json\/wp\/v2\/media?parent=10905"}],"wp:term":[{"taxonomy":"category","embeddable":true,"href":"https:\/\/blog.polityka.pl\/adamczewski\/wp-json\/wp\/v2\/categories?post=10905"},{"taxonomy":"post_tag","embeddable":true,"href":"https:\/\/blog.polityka.pl\/adamczewski\/wp-json\/wp\/v2\/tags?post=10905"}],"curies":[{"name":"wp","href":"https:\/\/api.w.org\/{rel}","templated":true}]}}