
{"id":10907,"date":"2011-09-02T05:36:29","date_gmt":"2011-09-02T04:36:29","guid":{"rendered":"http:\/\/adamczewscy.pl\/?p=3285"},"modified":"2011-09-02T05:36:29","modified_gmt":"2011-09-02T04:36:29","slug":"szybka-zupa-johna-smitha","status":"publish","type":"post","link":"https:\/\/blog.polityka.pl\/adamczewski\/2011\/09\/02\/szybka-zupa-johna-smitha\/","title":{"rendered":"Szybka zupa Johna Smitha"},"content":{"rendered":"<p><em>3 szklanki roso\u0142u drobiowego z kostki, 2 \u0142y\u017cki \u015bmietany 18-proc., 2 \u0142y\u017cki m\u0105ki, 10 dag rokpolu, 4 tr\u00f3jk\u0105ciki serka topionego, najlepiej edamskiego, 2 \u0142y\u017cki drobno posiekanej zielonej pietruszki<br \/>\nJako dodatek: krakersy paprykowe<\/em><\/p>\n<p>1. \u015amietan\u0119 wymiesza\u0107 z m\u0105k\u0105. Ros\u00f3\u0142 zagotowa\u0107 i powoli wlewaj\u0105c najpierw do naczynia ze \u015bmietan\u0105, potem po wymieszaniu wla\u0107 do pozosta\u0142ego roso\u0142u, zamiesza\u0107 i doprowadzi\u0107 do wrzenia.<br \/>\n2. Ser rokpol i serki topione pokroi\u0107 w drobn\u0105 kostk\u0119, doda\u0107 do wrz\u0105cej zupy i mieszaj\u0105c rozpu\u015bci\u0107 sery w zupie. Posypa\u0107 siekan\u0105 zielon\u0105 pietruszk\u0105.<br \/>\nPodawa\u0107 zup\u0119 gor\u0105c\u0105, w fili\u017cankach, z dodatkiem krakers\u00f3w. <\/p>\n","protected":false},"excerpt":{"rendered":"<p>3 szklanki roso\u0142u drobiowego z kostki, 2 \u0142y\u017cki \u015bmietany 18-proc., 2 \u0142y\u017cki m\u0105ki, 10 dag rokpolu, 4 tr\u00f3jk\u0105ciki serka topionego, najlepiej edamskiego, 2 \u0142y\u017cki drobno posiekanej zielonej pietruszki Jako dodatek: krakersy paprykowe 1. \u015amietan\u0119 wymiesza\u0107 z m\u0105k\u0105. Ros\u00f3\u0142 zagotowa\u0107 i powoli wlewaj\u0105c najpierw do naczynia ze \u015bmietan\u0105, potem po wymieszaniu wla\u0107 do pozosta\u0142ego roso\u0142u, zamiesza\u0107 [&hellip;]<\/p>\n","protected":false},"author":2,"featured_media":0,"comment_status":"open","ping_status":"open","sticky":false,"template":"","format":"standard","meta":{"footnotes":""},"categories":[1],"tags":[],"_links":{"self":[{"href":"https:\/\/blog.polityka.pl\/adamczewski\/wp-json\/wp\/v2\/posts\/10907"}],"collection":[{"href":"https:\/\/blog.polityka.pl\/adamczewski\/wp-json\/wp\/v2\/posts"}],"about":[{"href":"https:\/\/blog.polityka.pl\/adamczewski\/wp-json\/wp\/v2\/types\/post"}],"author":[{"embeddable":true,"href":"https:\/\/blog.polityka.pl\/adamczewski\/wp-json\/wp\/v2\/users\/2"}],"replies":[{"embeddable":true,"href":"https:\/\/blog.polityka.pl\/adamczewski\/wp-json\/wp\/v2\/comments?post=10907"}],"version-history":[{"count":0,"href":"https:\/\/blog.polityka.pl\/adamczewski\/wp-json\/wp\/v2\/posts\/10907\/revisions"}],"wp:attachment":[{"href":"https:\/\/blog.polityka.pl\/adamczewski\/wp-json\/wp\/v2\/media?parent=10907"}],"wp:term":[{"taxonomy":"category","embeddable":true,"href":"https:\/\/blog.polityka.pl\/adamczewski\/wp-json\/wp\/v2\/categories?post=10907"},{"taxonomy":"post_tag","embeddable":true,"href":"https:\/\/blog.polityka.pl\/adamczewski\/wp-json\/wp\/v2\/tags?post=10907"}],"curies":[{"name":"wp","href":"https:\/\/api.w.org\/{rel}","templated":true}]}}