
{"id":10908,"date":"2011-09-02T05:37:12","date_gmt":"2011-09-02T04:37:12","guid":{"rendered":"http:\/\/adamczewscy.pl\/?p=3286"},"modified":"2011-09-02T05:37:12","modified_gmt":"2011-09-02T04:37:12","slug":"pieczone-warzywa","status":"publish","type":"post","link":"https:\/\/blog.polityka.pl\/adamczewski\/2011\/09\/02\/pieczone-warzywa\/","title":{"rendered":"Pieczone warzywa"},"content":{"rendered":"<p><a href=\"http:\/\/adamczewscy.pl\/wp-content\/uploads\/2011\/09\/Warzywa-z-piekarnika.jpg\"><img loading=\"lazy\" decoding=\"async\" src=\"http:\/\/adamczewscy.pl\/wp-content\/uploads\/2011\/09\/Warzywa-z-piekarnika.jpg\" alt=\"\" title=\"OLYMPUS DIGITAL CAMERA\" width=\"400\" height=\"300\" class=\"alignnone size-full wp-image-3933\" \/><\/a><\/p>\n<p><em>4 czerwone cebule, 2 \u017c\u00f3\u0142te papryki, cukinia, 6 mi\u0119sistych pomidor\u00f3w, 2 z\u0105bki czosnku, 4 ga\u0142\u0105zki \u015bwie\u017cego rozmarynu, 4 ga\u0142\u0105zki bazylii, 4 \u0142y\u017cki oliwy z oliwek, 4 \u0142y\u017cki octu balsamicznego, s\u00f3l, pieprz<\/em><\/p>\n<p>1. Cebule obra\u0107, pokroi\u0107 na \u00f3semki, czosnek przecisn\u0105\u0107 przez prask\u0119.<br \/>\n2. Papryki umy\u0107, osuszy\u0107, usun\u0105\u0107 gniazda nasienne, pokroi\u0107 na \u0107wiartki, obran\u0105 cukinie pokroi\u0107 w grubsze, centymetrowe p\u00f3\u0142plasterki.<br \/>\n3. Warzywa w\u0142o\u017cy\u0107 do miski, wymiesza\u0107 z oberwanymi rozmarynowymi, igie\u0142kami i 2 \u0142y\u017ckami oliwy, posypa\u0107 sol\u0105 i pieprzem,<br \/>\n4. Na blaszce roz\u0142o\u017cy\u0107 papier w do wypiek\u00f3w, wy\u0142o\u017cy\u0107 przygotowane warzywa, piec w nagrzanym do 200\u00b0C piekarniku oko\u0142o 20minut.<br \/>\n5. Pomidory pokroi\u0107 w \u00f3semki, u\u0142o\u017cy\u0107 obok warzyw i razem piec jeszcze5 minut.<br \/>\n6. Upieczone warzywa prze\u0142o\u017cy\u0107 do salaterki, doda\u0107 porwane listki bazylii, reszt\u0119 oliwy, ocet balsamiczny, lekko wymiesza\u0107. Podawa\u0107 jako znakomity dodatek do pieczonych mi\u0119s. <\/p>\n","protected":false},"excerpt":{"rendered":"<p>4 czerwone cebule, 2 \u017c\u00f3\u0142te papryki, cukinia, 6 mi\u0119sistych pomidor\u00f3w, 2 z\u0105bki czosnku, 4 ga\u0142\u0105zki \u015bwie\u017cego rozmarynu, 4 ga\u0142\u0105zki bazylii, 4 \u0142y\u017cki oliwy z oliwek, 4 \u0142y\u017cki octu balsamicznego, s\u00f3l, pieprz 1. Cebule obra\u0107, pokroi\u0107 na \u00f3semki, czosnek przecisn\u0105\u0107 przez prask\u0119. 2. Papryki umy\u0107, osuszy\u0107, usun\u0105\u0107 gniazda nasienne, pokroi\u0107 na \u0107wiartki, obran\u0105 cukinie pokroi\u0107 w [&hellip;]<\/p>\n","protected":false},"author":2,"featured_media":0,"comment_status":"open","ping_status":"open","sticky":false,"template":"","format":"standard","meta":{"footnotes":""},"categories":[1],"tags":[],"_links":{"self":[{"href":"https:\/\/blog.polityka.pl\/adamczewski\/wp-json\/wp\/v2\/posts\/10908"}],"collection":[{"href":"https:\/\/blog.polityka.pl\/adamczewski\/wp-json\/wp\/v2\/posts"}],"about":[{"href":"https:\/\/blog.polityka.pl\/adamczewski\/wp-json\/wp\/v2\/types\/post"}],"author":[{"embeddable":true,"href":"https:\/\/blog.polityka.pl\/adamczewski\/wp-json\/wp\/v2\/users\/2"}],"replies":[{"embeddable":true,"href":"https:\/\/blog.polityka.pl\/adamczewski\/wp-json\/wp\/v2\/comments?post=10908"}],"version-history":[{"count":0,"href":"https:\/\/blog.polityka.pl\/adamczewski\/wp-json\/wp\/v2\/posts\/10908\/revisions"}],"wp:attachment":[{"href":"https:\/\/blog.polityka.pl\/adamczewski\/wp-json\/wp\/v2\/media?parent=10908"}],"wp:term":[{"taxonomy":"category","embeddable":true,"href":"https:\/\/blog.polityka.pl\/adamczewski\/wp-json\/wp\/v2\/categories?post=10908"},{"taxonomy":"post_tag","embeddable":true,"href":"https:\/\/blog.polityka.pl\/adamczewski\/wp-json\/wp\/v2\/tags?post=10908"}],"curies":[{"name":"wp","href":"https:\/\/api.w.org\/{rel}","templated":true}]}}