
{"id":10912,"date":"2011-09-16T06:18:26","date_gmt":"2011-09-16T05:18:26","guid":{"rendered":"http:\/\/adamczewscy.pl\/?p=3293"},"modified":"2011-09-16T06:18:26","modified_gmt":"2011-09-16T05:18:26","slug":"zupa-z-papryki-z-mozzarella","status":"publish","type":"post","link":"https:\/\/blog.polityka.pl\/adamczewski\/2011\/09\/16\/zupa-z-papryki-z-mozzarella\/","title":{"rendered":"Zupa z papryki z mozzarell\u0105"},"content":{"rendered":"<p><em>3 czerwone papryki, 2 dojrza\u0142e pomidory, 2 \u0142y\u017cki oliwy, 2 spore cebule, 6 szklanek roso\u0142u drobiowego z kostki, 20 dag mozzarelli, zio\u0142a prowansalskie, s\u00f3l, pieprz<br \/>\nJako dodatek: 2 szklanki pokrojonej w kostk\u0119 czerstwej bu\u0142ki, 2 \u0142y\u017cki oleju<\/em><\/p>\n<p>1. Umyt\u0105 papryk\u0119 u\u0142o\u017cy\u0107 w nagrzanym do180\u00b0C piekarniku i opieka\u0107 15-20 minut. W\u0142o\u017cy\u0107 nast\u0119pnie do foliowego woreczka i kiedy ostygnie obra\u0107 ze sk\u00f3rki. Pokroi\u0107.<br \/>\n2. Pomidory obra\u0107 ze sk\u00f3rki, usun\u0105\u0107 sok pestkami, mi\u0105\u017csz pokroi\u0107 w kostk\u0119.<br \/>\n3. Rozgrza\u0107 w garnku oliw\u0119, doda\u0107 posiekan\u0105 drobno cebul\u0119, zrumieni\u0107, doda\u0107 pokrojona papryk\u0119 i dusi\u0107 3 minuty, doda\u0107 pomidory, wla\u0107 ros\u00f3\u0142 drobiowy, gotowa\u0107 20 minut, a po lekkim ostudzeniu zmiksowa\u0107 na g\u0142adki krem. Doprawi\u0107 sol\u0105 i pieprzem.<br \/>\n4. Na patelni rozgrza\u0107 oliw\u0119, podsma\u017cy\u0107 na nim grzanki. Podawa\u0107 jako dodatek do zupy. <\/p>\n","protected":false},"excerpt":{"rendered":"<p>3 czerwone papryki, 2 dojrza\u0142e pomidory, 2 \u0142y\u017cki oliwy, 2 spore cebule, 6 szklanek roso\u0142u drobiowego z kostki, 20 dag mozzarelli, zio\u0142a prowansalskie, s\u00f3l, pieprz Jako dodatek: 2 szklanki pokrojonej w kostk\u0119 czerstwej bu\u0142ki, 2 \u0142y\u017cki oleju 1. Umyt\u0105 papryk\u0119 u\u0142o\u017cy\u0107 w nagrzanym do180\u00b0C piekarniku i opieka\u0107 15-20 minut. W\u0142o\u017cy\u0107 nast\u0119pnie do foliowego woreczka i [&hellip;]<\/p>\n","protected":false},"author":2,"featured_media":0,"comment_status":"open","ping_status":"open","sticky":false,"template":"","format":"standard","meta":{"footnotes":""},"categories":[1],"tags":[],"_links":{"self":[{"href":"https:\/\/blog.polityka.pl\/adamczewski\/wp-json\/wp\/v2\/posts\/10912"}],"collection":[{"href":"https:\/\/blog.polityka.pl\/adamczewski\/wp-json\/wp\/v2\/posts"}],"about":[{"href":"https:\/\/blog.polityka.pl\/adamczewski\/wp-json\/wp\/v2\/types\/post"}],"author":[{"embeddable":true,"href":"https:\/\/blog.polityka.pl\/adamczewski\/wp-json\/wp\/v2\/users\/2"}],"replies":[{"embeddable":true,"href":"https:\/\/blog.polityka.pl\/adamczewski\/wp-json\/wp\/v2\/comments?post=10912"}],"version-history":[{"count":0,"href":"https:\/\/blog.polityka.pl\/adamczewski\/wp-json\/wp\/v2\/posts\/10912\/revisions"}],"wp:attachment":[{"href":"https:\/\/blog.polityka.pl\/adamczewski\/wp-json\/wp\/v2\/media?parent=10912"}],"wp:term":[{"taxonomy":"category","embeddable":true,"href":"https:\/\/blog.polityka.pl\/adamczewski\/wp-json\/wp\/v2\/categories?post=10912"},{"taxonomy":"post_tag","embeddable":true,"href":"https:\/\/blog.polityka.pl\/adamczewski\/wp-json\/wp\/v2\/tags?post=10912"}],"curies":[{"name":"wp","href":"https:\/\/api.w.org\/{rel}","templated":true}]}}