
{"id":10913,"date":"2011-09-16T06:19:44","date_gmt":"2011-09-16T05:19:44","guid":{"rendered":"http:\/\/adamczewscy.pl\/?p=3294"},"modified":"2011-09-16T06:19:44","modified_gmt":"2011-09-16T05:19:44","slug":"sandacz-z-kurkami","status":"publish","type":"post","link":"https:\/\/blog.polityka.pl\/adamczewski\/2011\/09\/16\/sandacz-z-kurkami\/","title":{"rendered":"Sandacz z kurkami"},"content":{"rendered":"<p><em>Sandacz wagi ok. 1, 5 kg, 30-40 dag kurek, 2cebule, 4 \u0142y\u017cki mas\u0142a 2 \u0142y\u017cki soku z cytryny, 2 \u0142y\u017cki bia\u0142ego wina, s\u00f3l, pieprz, 2 \u0142y\u017cki m\u0105ki do panierowania<br \/>\n<\/em><br \/>\n1. Ryb\u0119 sprawi\u0107, umy\u0107, osuszy\u0107, pokroi\u0107 w dzwonka, mo\u017cna tak\u017ce wyci\u0105\u0107 kr\u0119gos\u0142up, skropi\u0107 sokiem cytrynowym. Od\u0142o\u017cy\u0107 w ch\u0142odne miejsce.<br \/>\n2. Kurki oczy\u015bci\u0107, szybko umy\u0107 i osuszy\u0107.<br \/>\n3. Rozgrza\u0107 po\u0142ow\u0119 mas\u0142a i podsma\u017cy\u0107 na nim posiekan\u0105 cebul\u0119, doda\u0107 kurki, chwil\u0119 sma\u017cy\u0107 i prze\u0142o\u017cy\u0107 do rondla. Doda\u0107 wino, s\u00f3l, pieprz i dusi\u0107 10 minut.<br \/>\n4. Kawa\u0142ki sandacza obsypa\u0107 m\u0105k\u0105, posoli\u0107, obsma\u017cy\u0107 na pozosta\u0142ym ma\u015ble, doda\u0107 do rondla kurkami i pod przykryciem dusi\u0107 razem jeszcze 15 minut. <\/p>\n","protected":false},"excerpt":{"rendered":"<p>Sandacz wagi ok. 1, 5 kg, 30-40 dag kurek, 2cebule, 4 \u0142y\u017cki mas\u0142a 2 \u0142y\u017cki soku z cytryny, 2 \u0142y\u017cki bia\u0142ego wina, s\u00f3l, pieprz, 2 \u0142y\u017cki m\u0105ki do panierowania 1. Ryb\u0119 sprawi\u0107, umy\u0107, osuszy\u0107, pokroi\u0107 w dzwonka, mo\u017cna tak\u017ce wyci\u0105\u0107 kr\u0119gos\u0142up, skropi\u0107 sokiem cytrynowym. Od\u0142o\u017cy\u0107 w ch\u0142odne miejsce. 2. Kurki oczy\u015bci\u0107, szybko umy\u0107 i osuszy\u0107. [&hellip;]<\/p>\n","protected":false},"author":2,"featured_media":0,"comment_status":"open","ping_status":"open","sticky":false,"template":"","format":"standard","meta":{"footnotes":""},"categories":[1],"tags":[],"_links":{"self":[{"href":"https:\/\/blog.polityka.pl\/adamczewski\/wp-json\/wp\/v2\/posts\/10913"}],"collection":[{"href":"https:\/\/blog.polityka.pl\/adamczewski\/wp-json\/wp\/v2\/posts"}],"about":[{"href":"https:\/\/blog.polityka.pl\/adamczewski\/wp-json\/wp\/v2\/types\/post"}],"author":[{"embeddable":true,"href":"https:\/\/blog.polityka.pl\/adamczewski\/wp-json\/wp\/v2\/users\/2"}],"replies":[{"embeddable":true,"href":"https:\/\/blog.polityka.pl\/adamczewski\/wp-json\/wp\/v2\/comments?post=10913"}],"version-history":[{"count":0,"href":"https:\/\/blog.polityka.pl\/adamczewski\/wp-json\/wp\/v2\/posts\/10913\/revisions"}],"wp:attachment":[{"href":"https:\/\/blog.polityka.pl\/adamczewski\/wp-json\/wp\/v2\/media?parent=10913"}],"wp:term":[{"taxonomy":"category","embeddable":true,"href":"https:\/\/blog.polityka.pl\/adamczewski\/wp-json\/wp\/v2\/categories?post=10913"},{"taxonomy":"post_tag","embeddable":true,"href":"https:\/\/blog.polityka.pl\/adamczewski\/wp-json\/wp\/v2\/tags?post=10913"}],"curies":[{"name":"wp","href":"https:\/\/api.w.org\/{rel}","templated":true}]}}