
{"id":10914,"date":"2011-09-16T06:21:00","date_gmt":"2011-09-16T05:21:00","guid":{"rendered":"http:\/\/adamczewscy.pl\/?p=3295"},"modified":"2011-09-16T06:21:00","modified_gmt":"2011-09-16T05:21:00","slug":"placek-z-kurkami","status":"publish","type":"post","link":"https:\/\/blog.polityka.pl\/adamczewski\/2011\/09\/16\/placek-z-kurkami\/","title":{"rendered":"Placek z kurkami"},"content":{"rendered":"<p><em>Na ciasto: 2,5 szklanki m\u0105ki, ? szklanki oliwy z oliwek, ? szklanki jogurtu, \u0142y\u017ceczka proszku do pieczenia, szczypta soli cebulowej<br \/>\nNa farsz:30 dag kurek, \u015brednia cebula, 2 \u0142y\u017cki mas\u0142a, 1, 5 szklanki startego \u017c\u00f3\u0142tego sera, szczypta bia\u0142ego pieprzu, spora szczypta rozmarynu<br \/>\n<\/em><br \/>\n1. Make wysypa\u0107 na stolnic\u0119, doda\u0107 proszek do pieczenia, wymiesza\u0107, doda\u0107 s\u00f3l cebulow\u0105, oliw\u0119 oraz jogurt, wyrobi\u0107 ciasto. Owin\u0105\u0107 je w foli\u0119 plastikow\u0105 i  w\u0142o\u017cy\u0107 do lod\u00f3wki.<br \/>\n2. Rozwa\u0142kowa\u0107 placek, wy\u0142o\u017cy\u0107 ciastem dno i boki posmarowanej oliw\u0105 formy do tart.<br \/>\n3. Posiekan\u0105 drobno cebul\u0119 oraz pokrojone kurki podsma\u017cy\u0107 na oliwie, a\u017c cebula si\u0119 zeszkli, doprawi\u0107 sol\u0105 cebulow\u0105, rozmarynem i bia\u0142ym pieprzem.<br \/>\n4. Wy\u0142o\u017cy\u0107 farsz na ciasto, posypa\u0107 startym \u017c\u00f3\u0142tym serem.<br \/>\n5. W piekarniku nagrzanym do temperatury 200\u00b0Cpiec potraw\u011925 minut. <\/p>\n","protected":false},"excerpt":{"rendered":"<p>Na ciasto: 2,5 szklanki m\u0105ki, ? szklanki oliwy z oliwek, ? szklanki jogurtu, \u0142y\u017ceczka proszku do pieczenia, szczypta soli cebulowej Na farsz:30 dag kurek, \u015brednia cebula, 2 \u0142y\u017cki mas\u0142a, 1, 5 szklanki startego \u017c\u00f3\u0142tego sera, szczypta bia\u0142ego pieprzu, spora szczypta rozmarynu 1. Make wysypa\u0107 na stolnic\u0119, doda\u0107 proszek do pieczenia, wymiesza\u0107, doda\u0107 s\u00f3l cebulow\u0105, oliw\u0119 [&hellip;]<\/p>\n","protected":false},"author":2,"featured_media":0,"comment_status":"open","ping_status":"open","sticky":false,"template":"","format":"standard","meta":{"footnotes":""},"categories":[1],"tags":[],"_links":{"self":[{"href":"https:\/\/blog.polityka.pl\/adamczewski\/wp-json\/wp\/v2\/posts\/10914"}],"collection":[{"href":"https:\/\/blog.polityka.pl\/adamczewski\/wp-json\/wp\/v2\/posts"}],"about":[{"href":"https:\/\/blog.polityka.pl\/adamczewski\/wp-json\/wp\/v2\/types\/post"}],"author":[{"embeddable":true,"href":"https:\/\/blog.polityka.pl\/adamczewski\/wp-json\/wp\/v2\/users\/2"}],"replies":[{"embeddable":true,"href":"https:\/\/blog.polityka.pl\/adamczewski\/wp-json\/wp\/v2\/comments?post=10914"}],"version-history":[{"count":0,"href":"https:\/\/blog.polityka.pl\/adamczewski\/wp-json\/wp\/v2\/posts\/10914\/revisions"}],"wp:attachment":[{"href":"https:\/\/blog.polityka.pl\/adamczewski\/wp-json\/wp\/v2\/media?parent=10914"}],"wp:term":[{"taxonomy":"category","embeddable":true,"href":"https:\/\/blog.polityka.pl\/adamczewski\/wp-json\/wp\/v2\/categories?post=10914"},{"taxonomy":"post_tag","embeddable":true,"href":"https:\/\/blog.polityka.pl\/adamczewski\/wp-json\/wp\/v2\/tags?post=10914"}],"curies":[{"name":"wp","href":"https:\/\/api.w.org\/{rel}","templated":true}]}}