
{"id":10915,"date":"2011-09-16T06:22:17","date_gmt":"2011-09-16T05:22:17","guid":{"rendered":"http:\/\/adamczewscy.pl\/?p=3296"},"modified":"2011-09-16T06:22:17","modified_gmt":"2011-09-16T05:22:17","slug":"kotlety-z-kaszy-i-grzybow","status":"publish","type":"post","link":"https:\/\/blog.polityka.pl\/adamczewski\/2011\/09\/16\/kotlety-z-kaszy-i-grzybow\/","title":{"rendered":"Kotlety z kaszy i grzyb\u00f3w"},"content":{"rendered":"<p><em>Ok. 50 dag le\u015bnych grzyb\u00f3w, cebula, 4 \u0142y\u017cki mas\u0142a, 1, 5 woreczka kaszy gryczanej, s\u00f3l, pieprz, jajko, 2 \u0142y\u017cki m\u0105ki,<br \/>\nDo sma\u017cenia :2 \u0142y\u017cki tartej bu\u0142ki,  ? szklanki oleju do sma\u017cenia<br \/>\n<\/em><br \/>\n1. Grzyby oczy\u015bci\u0107, posieka\u0107, cebul\u0119 posieka\u0107, dusi\u0107 razem 20 minut na 2 \u0142y\u017ckach mas\u0142a.<br \/>\n2. Kasz\u0119 ugotowa\u0107 na bardzo mi\u0119kko w wodzie z 2 \u0142y\u017ckami mas\u0142a, kiedy odparuje woda wymiesza\u0107 z grzybami, ostudzi\u0107 i zemle\u0107.<br \/>\n3. Do masy wbi\u0107 jajko i wyrobi\u0107 mas\u0119, doprawi\u0107 sol\u0105 i pieprzem.<br \/>\n4. Wymiesza\u0107 m\u0105k\u0119 z tart\u0105 bu\u0142k\u0105. Formowa\u0107 niewielkie okr\u0105g\u0142e kotleciki, obtacza\u0107 w mieszance bu\u0142ki z m\u0105k\u0105.<br \/>\n5. Smazy\u0107 na oleju z obu stron na rumiano. <\/p>\n","protected":false},"excerpt":{"rendered":"<p>Ok. 50 dag le\u015bnych grzyb\u00f3w, cebula, 4 \u0142y\u017cki mas\u0142a, 1, 5 woreczka kaszy gryczanej, s\u00f3l, pieprz, jajko, 2 \u0142y\u017cki m\u0105ki, Do sma\u017cenia :2 \u0142y\u017cki tartej bu\u0142ki, ? szklanki oleju do sma\u017cenia 1. Grzyby oczy\u015bci\u0107, posieka\u0107, cebul\u0119 posieka\u0107, dusi\u0107 razem 20 minut na 2 \u0142y\u017ckach mas\u0142a. 2. Kasz\u0119 ugotowa\u0107 na bardzo mi\u0119kko w wodzie z 2 [&hellip;]<\/p>\n","protected":false},"author":2,"featured_media":0,"comment_status":"open","ping_status":"open","sticky":false,"template":"","format":"standard","meta":{"footnotes":""},"categories":[1],"tags":[],"_links":{"self":[{"href":"https:\/\/blog.polityka.pl\/adamczewski\/wp-json\/wp\/v2\/posts\/10915"}],"collection":[{"href":"https:\/\/blog.polityka.pl\/adamczewski\/wp-json\/wp\/v2\/posts"}],"about":[{"href":"https:\/\/blog.polityka.pl\/adamczewski\/wp-json\/wp\/v2\/types\/post"}],"author":[{"embeddable":true,"href":"https:\/\/blog.polityka.pl\/adamczewski\/wp-json\/wp\/v2\/users\/2"}],"replies":[{"embeddable":true,"href":"https:\/\/blog.polityka.pl\/adamczewski\/wp-json\/wp\/v2\/comments?post=10915"}],"version-history":[{"count":0,"href":"https:\/\/blog.polityka.pl\/adamczewski\/wp-json\/wp\/v2\/posts\/10915\/revisions"}],"wp:attachment":[{"href":"https:\/\/blog.polityka.pl\/adamczewski\/wp-json\/wp\/v2\/media?parent=10915"}],"wp:term":[{"taxonomy":"category","embeddable":true,"href":"https:\/\/blog.polityka.pl\/adamczewski\/wp-json\/wp\/v2\/categories?post=10915"},{"taxonomy":"post_tag","embeddable":true,"href":"https:\/\/blog.polityka.pl\/adamczewski\/wp-json\/wp\/v2\/tags?post=10915"}],"curies":[{"name":"wp","href":"https:\/\/api.w.org\/{rel}","templated":true}]}}