
{"id":10916,"date":"2011-09-23T07:27:59","date_gmt":"2011-09-23T06:27:59","guid":{"rendered":"http:\/\/adamczewscy.pl\/?p=3298"},"modified":"2011-09-23T07:27:59","modified_gmt":"2011-09-23T06:27:59","slug":"pieczone-jablka-z-bakaliami","status":"publish","type":"post","link":"https:\/\/blog.polityka.pl\/adamczewski\/2011\/09\/23\/pieczone-jablka-z-bakaliami\/","title":{"rendered":"Pieczone jab\u0142ka z bakaliami"},"content":{"rendered":"<p><em>4 winne jab\u0142ka, cytryna, 4 kopiaste \u0142y\u017cki rodzynek, 4 \u0142y\u017cki posiekanych lekko orzech\u00f3w, 2 \u0142y\u017cki migda\u0142\u00f3w krojonych w s\u0142upki, 2 kopiaste \u0142y\u017cki d\u017cemu pomara\u0144czowego, 4 \u0142y\u017cki p\u0142ynnego miodu, 2 \u0142y\u017cki rumu, 2 \u0142y\u017cki mas\u0142a, \u0142y\u017ceczka mieszanki mielonych go\u017adzik\u00f3w, kardamonu i cynamonu<br \/>\n<\/em><br \/>\n1. Umyte rodzynki zala\u0107 w miseczce rumem i pozostawi\u0107 na p\u00f3\u0142 godziny.<br \/>\n2. Jab\u0142ka umy\u0107, odkroi\u0107 wierzchy, wykroi\u0107 gniazdo nasienne wydr\u0105\u017caj\u0105c \u0142y\u017ceczk\u0105 tak\u017ce troch\u0119 mi\u0105\u017cszu. Skropi\u0107 obficie sokiem cytrynowym<br \/>\n3. Wymiesza\u0107 rodzynki (wraz z pozosta\u0142ym rumem) z d\u017cemem, orzechami, migda\u0142ami, \u0142y\u017ceczk\u0105 mielonych go\u017adzik\u00f3w, cynamonu i kardamonu, otrze\u0107 sk\u00f3rk\u0119 z cytryny i doda\u0107 do bakaliowego nadzienia.<br \/>\n4. Nape\u0142ni\u0107 jab\u0142ka nadzieniem, na wierzchu pok\u0142a\u015b\u0107 po odrobinie mas\u0142a, owin\u0105\u0107 jab\u0142ka foli\u0105 aluminiow\u0105.<br \/>\n5. Zapiec 15 minut w nagrzanym do 180\u00b0C piekarniku lub na grillu oko\u0142o 20minut. <\/p>\n","protected":false},"excerpt":{"rendered":"<p>4 winne jab\u0142ka, cytryna, 4 kopiaste \u0142y\u017cki rodzynek, 4 \u0142y\u017cki posiekanych lekko orzech\u00f3w, 2 \u0142y\u017cki migda\u0142\u00f3w krojonych w s\u0142upki, 2 kopiaste \u0142y\u017cki d\u017cemu pomara\u0144czowego, 4 \u0142y\u017cki p\u0142ynnego miodu, 2 \u0142y\u017cki rumu, 2 \u0142y\u017cki mas\u0142a, \u0142y\u017ceczka mieszanki mielonych go\u017adzik\u00f3w, kardamonu i cynamonu 1. Umyte rodzynki zala\u0107 w miseczce rumem i pozostawi\u0107 na p\u00f3\u0142 godziny. 2. Jab\u0142ka [&hellip;]<\/p>\n","protected":false},"author":2,"featured_media":0,"comment_status":"open","ping_status":"open","sticky":false,"template":"","format":"standard","meta":{"footnotes":""},"categories":[1],"tags":[],"_links":{"self":[{"href":"https:\/\/blog.polityka.pl\/adamczewski\/wp-json\/wp\/v2\/posts\/10916"}],"collection":[{"href":"https:\/\/blog.polityka.pl\/adamczewski\/wp-json\/wp\/v2\/posts"}],"about":[{"href":"https:\/\/blog.polityka.pl\/adamczewski\/wp-json\/wp\/v2\/types\/post"}],"author":[{"embeddable":true,"href":"https:\/\/blog.polityka.pl\/adamczewski\/wp-json\/wp\/v2\/users\/2"}],"replies":[{"embeddable":true,"href":"https:\/\/blog.polityka.pl\/adamczewski\/wp-json\/wp\/v2\/comments?post=10916"}],"version-history":[{"count":0,"href":"https:\/\/blog.polityka.pl\/adamczewski\/wp-json\/wp\/v2\/posts\/10916\/revisions"}],"wp:attachment":[{"href":"https:\/\/blog.polityka.pl\/adamczewski\/wp-json\/wp\/v2\/media?parent=10916"}],"wp:term":[{"taxonomy":"category","embeddable":true,"href":"https:\/\/blog.polityka.pl\/adamczewski\/wp-json\/wp\/v2\/categories?post=10916"},{"taxonomy":"post_tag","embeddable":true,"href":"https:\/\/blog.polityka.pl\/adamczewski\/wp-json\/wp\/v2\/tags?post=10916"}],"curies":[{"name":"wp","href":"https:\/\/api.w.org\/{rel}","templated":true}]}}