
{"id":10926,"date":"2011-10-14T06:29:36","date_gmt":"2011-10-14T05:29:36","guid":{"rendered":"http:\/\/adamczewscy.pl\/?p=3311"},"modified":"2011-10-14T06:29:36","modified_gmt":"2011-10-14T05:29:36","slug":"zupa-rybna-2-2","status":"publish","type":"post","link":"https:\/\/blog.polityka.pl\/adamczewski\/2011\/10\/14\/zupa-rybna-2-2\/","title":{"rendered":"Zupa rybna"},"content":{"rendered":"<p><em>50 dag filet\u00f3w z bia\u0142ej morskiej ryby, 2 mrachwie, pietruszka, kawa\u0142ek selera i pora, 2 spore ziemniaki, 2 \u0142y\u017cki soku z cytryny, \u0142y\u017cka koncentratu pomidorowego, ? szklanki bia\u0142ego wina, 2 z\u0105bki czosnku, s\u00f3l, pieprz, li\u015b\u0107 laurowy, 2 \u0142y\u017cki drobno posiekanej zielonej pietruszki<br \/>\nJako dodatek: grzanki z bagietki opieczone w piekarniku<br \/>\n<\/em><br \/>\n1. Umyte i obrane warzywa pokroi\u0107 na kawa\u0142ki, zala\u0107 8 szklankami wody, doda\u0107 li\u015b\u0107 laurowy i gotowa\u0107 15-20 minut.<br \/>\n2. Filety umy\u0107, w\u0142o\u017cy\u0107 do gotuj\u0105cych si\u0119 warzyw i gotowa\u0107 razem jeszcze 5 minut, po czym usun\u0105\u0107 li\u015b\u0107 laurowy, wyj\u0105\u0107 ryb\u0119.<br \/>\n3. Posta\u0142\u0105 zup\u0119 zmiksowa\u0107, gotuj\u0105c doprawi\u0107 winem, koncentratem pomidorowym, przeci\u015bni\u0119tym przez prask\u0119 czosnkiem oraz sokiem z cytryny, pieprzem i sol\u0105.<br \/>\n4. Ryb\u0119 pokroi\u0107 na kawa\u0142ki, doda\u0107 do zupy, chwil\u0119 jeszcze gotowa\u0107 na ma\u0142ym ogniu.<br \/>\n5. Podawa\u0107 zup\u0119 posypan\u0105 siekan\u0105 zielon\u0105 pietruszk\u0105 i z grzankami. <\/p>\n","protected":false},"excerpt":{"rendered":"<p>50 dag filet\u00f3w z bia\u0142ej morskiej ryby, 2 mrachwie, pietruszka, kawa\u0142ek selera i pora, 2 spore ziemniaki, 2 \u0142y\u017cki soku z cytryny, \u0142y\u017cka koncentratu pomidorowego, ? szklanki bia\u0142ego wina, 2 z\u0105bki czosnku, s\u00f3l, pieprz, li\u015b\u0107 laurowy, 2 \u0142y\u017cki drobno posiekanej zielonej pietruszki Jako dodatek: grzanki z bagietki opieczone w piekarniku 1. Umyte i obrane warzywa [&hellip;]<\/p>\n","protected":false},"author":2,"featured_media":0,"comment_status":"open","ping_status":"open","sticky":false,"template":"","format":"standard","meta":{"footnotes":""},"categories":[1],"tags":[],"_links":{"self":[{"href":"https:\/\/blog.polityka.pl\/adamczewski\/wp-json\/wp\/v2\/posts\/10926"}],"collection":[{"href":"https:\/\/blog.polityka.pl\/adamczewski\/wp-json\/wp\/v2\/posts"}],"about":[{"href":"https:\/\/blog.polityka.pl\/adamczewski\/wp-json\/wp\/v2\/types\/post"}],"author":[{"embeddable":true,"href":"https:\/\/blog.polityka.pl\/adamczewski\/wp-json\/wp\/v2\/users\/2"}],"replies":[{"embeddable":true,"href":"https:\/\/blog.polityka.pl\/adamczewski\/wp-json\/wp\/v2\/comments?post=10926"}],"version-history":[{"count":0,"href":"https:\/\/blog.polityka.pl\/adamczewski\/wp-json\/wp\/v2\/posts\/10926\/revisions"}],"wp:attachment":[{"href":"https:\/\/blog.polityka.pl\/adamczewski\/wp-json\/wp\/v2\/media?parent=10926"}],"wp:term":[{"taxonomy":"category","embeddable":true,"href":"https:\/\/blog.polityka.pl\/adamczewski\/wp-json\/wp\/v2\/categories?post=10926"},{"taxonomy":"post_tag","embeddable":true,"href":"https:\/\/blog.polityka.pl\/adamczewski\/wp-json\/wp\/v2\/tags?post=10926"}],"curies":[{"name":"wp","href":"https:\/\/api.w.org\/{rel}","templated":true}]}}