
{"id":10927,"date":"2011-10-14T06:31:13","date_gmt":"2011-10-14T05:31:13","guid":{"rendered":"http:\/\/adamczewscy.pl\/?p=3312"},"modified":"2011-10-14T06:31:13","modified_gmt":"2011-10-14T05:31:13","slug":"zupa-brukselkowa-z-wkladka","status":"publish","type":"post","link":"https:\/\/blog.polityka.pl\/adamczewski\/2011\/10\/14\/zupa-brukselkowa-z-wkladka\/","title":{"rendered":"Zupa brukselkowa z wk\u0142adk\u0105"},"content":{"rendered":"<p><em>50 dag brukselki, 6 szklanek bulionu warzywnego z kostki, 4 kapelusze suszonych grzyb\u00f3w, gar\u015b\u0107 orzech\u00f3w w\u0142oskich, 2-3 ciel\u0119ce par\u00f3wki, \u0142y\u017cka startego chrzanu ze s\u0142oiczka, 2 \u0142y\u017cki \u015bmietany , s\u00f3l, cukier do smaku i pieprz<\/em><\/p>\n<p>1. Grzyby namoczy\u0107 w szklance wody, nast\u0119pnie przez kilkana\u015bcie minut gotowa\u0107 je staraj\u0105c si\u0119 odparowa\u0107 jak najwi\u0119cej wody, ostudzone grzyby pokroi\u0107 w cienkie paseczki.<br \/>\n2. Bulion zagotowa\u0107, doda\u0107 oczyszczon\u0105 brukselk\u0119 oraz grzyby i od zagotowania gotowa\u0107 10 minut. Odstawi\u0107 na chwil\u0119.<br \/>\n3. Orzechy drobno posieka\u0107.<br \/>\n4. Zmiksowa\u0107 zup\u0119, doda\u0107 posiekane orzechy i pokrojone w kr\u0105\u017cki par\u00f3wki, doprawi\u0107 \u015bmietan\u0105, cukrem, sol\u0105 i pieprzem. Chwil\u0119 grza\u0107, ale ju\u017c nie gotowa\u0107.<\/p>\n","protected":false},"excerpt":{"rendered":"<p>50 dag brukselki, 6 szklanek bulionu warzywnego z kostki, 4 kapelusze suszonych grzyb\u00f3w, gar\u015b\u0107 orzech\u00f3w w\u0142oskich, 2-3 ciel\u0119ce par\u00f3wki, \u0142y\u017cka startego chrzanu ze s\u0142oiczka, 2 \u0142y\u017cki \u015bmietany , s\u00f3l, cukier do smaku i pieprz 1. Grzyby namoczy\u0107 w szklance wody, nast\u0119pnie przez kilkana\u015bcie minut gotowa\u0107 je staraj\u0105c si\u0119 odparowa\u0107 jak najwi\u0119cej wody, ostudzone grzyby pokroi\u0107 [&hellip;]<\/p>\n","protected":false},"author":2,"featured_media":0,"comment_status":"open","ping_status":"open","sticky":false,"template":"","format":"standard","meta":{"footnotes":""},"categories":[1],"tags":[],"_links":{"self":[{"href":"https:\/\/blog.polityka.pl\/adamczewski\/wp-json\/wp\/v2\/posts\/10927"}],"collection":[{"href":"https:\/\/blog.polityka.pl\/adamczewski\/wp-json\/wp\/v2\/posts"}],"about":[{"href":"https:\/\/blog.polityka.pl\/adamczewski\/wp-json\/wp\/v2\/types\/post"}],"author":[{"embeddable":true,"href":"https:\/\/blog.polityka.pl\/adamczewski\/wp-json\/wp\/v2\/users\/2"}],"replies":[{"embeddable":true,"href":"https:\/\/blog.polityka.pl\/adamczewski\/wp-json\/wp\/v2\/comments?post=10927"}],"version-history":[{"count":0,"href":"https:\/\/blog.polityka.pl\/adamczewski\/wp-json\/wp\/v2\/posts\/10927\/revisions"}],"wp:attachment":[{"href":"https:\/\/blog.polityka.pl\/adamczewski\/wp-json\/wp\/v2\/media?parent=10927"}],"wp:term":[{"taxonomy":"category","embeddable":true,"href":"https:\/\/blog.polityka.pl\/adamczewski\/wp-json\/wp\/v2\/categories?post=10927"},{"taxonomy":"post_tag","embeddable":true,"href":"https:\/\/blog.polityka.pl\/adamczewski\/wp-json\/wp\/v2\/tags?post=10927"}],"curies":[{"name":"wp","href":"https:\/\/api.w.org\/{rel}","templated":true}]}}