
{"id":10928,"date":"2011-10-14T06:32:08","date_gmt":"2011-10-14T05:32:08","guid":{"rendered":"http:\/\/adamczewscy.pl\/?p=3313"},"modified":"2011-10-14T06:32:08","modified_gmt":"2011-10-14T05:32:08","slug":"goraca-zupa","status":"publish","type":"post","link":"https:\/\/blog.polityka.pl\/adamczewski\/2011\/10\/14\/goraca-zupa\/","title":{"rendered":"Gor\u0105ca zupa"},"content":{"rendered":"<p><em>50 dag mi\u0119sa wo\u0142owego roso\u0142owego, 4 ziemniaki, 3 marchwie, 2 cebule, 2 du\u017ce papryki, 2 du\u017ce pomidory, pietruszka, 2 \u0142odygi selera naciowego, s\u00f3l, pieprz, 2 \u0142y\u017cki oleju<\/em><\/p>\n<p>1. Posieka\u0107 cebule,  jedn\u0105 papryk\u0119 po usuni\u0119ciu gniazd nasiennych pokroi\u0107 w paski, mi\u0119so pokroi\u0107  w kostk\u0119. Wszystko razem poddusi\u0107 na rozgrzanym oleju. dodac szklank\u0119 wody i dalej dusi\u0107 do mi\u0119kko\u015bci.<br \/>\n 2. Doda\u0107 pokrojone na \u0107wiartki pomidory i pozosta\u0142\u0105, pokrojon\u0105 w paski papryk\u0119, chwil\u0119 gotowa\u0107.<br \/>\n3. Doda\u0107 pokrojone w paseczki marchewki, pietruszk\u0119, \u0142odygi selerowe, wla\u0107 6 szklanek wody i gotowa\u0107 25 minut, doprawiaj\u0105c do smaku sol\u0105 i pieprzem. <\/p>\n","protected":false},"excerpt":{"rendered":"<p>50 dag mi\u0119sa wo\u0142owego roso\u0142owego, 4 ziemniaki, 3 marchwie, 2 cebule, 2 du\u017ce papryki, 2 du\u017ce pomidory, pietruszka, 2 \u0142odygi selera naciowego, s\u00f3l, pieprz, 2 \u0142y\u017cki oleju 1. Posieka\u0107 cebule, jedn\u0105 papryk\u0119 po usuni\u0119ciu gniazd nasiennych pokroi\u0107 w paski, mi\u0119so pokroi\u0107 w kostk\u0119. Wszystko razem poddusi\u0107 na rozgrzanym oleju. dodac szklank\u0119 wody i dalej dusi\u0107 [&hellip;]<\/p>\n","protected":false},"author":2,"featured_media":0,"comment_status":"open","ping_status":"open","sticky":false,"template":"","format":"standard","meta":{"footnotes":""},"categories":[1],"tags":[],"_links":{"self":[{"href":"https:\/\/blog.polityka.pl\/adamczewski\/wp-json\/wp\/v2\/posts\/10928"}],"collection":[{"href":"https:\/\/blog.polityka.pl\/adamczewski\/wp-json\/wp\/v2\/posts"}],"about":[{"href":"https:\/\/blog.polityka.pl\/adamczewski\/wp-json\/wp\/v2\/types\/post"}],"author":[{"embeddable":true,"href":"https:\/\/blog.polityka.pl\/adamczewski\/wp-json\/wp\/v2\/users\/2"}],"replies":[{"embeddable":true,"href":"https:\/\/blog.polityka.pl\/adamczewski\/wp-json\/wp\/v2\/comments?post=10928"}],"version-history":[{"count":0,"href":"https:\/\/blog.polityka.pl\/adamczewski\/wp-json\/wp\/v2\/posts\/10928\/revisions"}],"wp:attachment":[{"href":"https:\/\/blog.polityka.pl\/adamczewski\/wp-json\/wp\/v2\/media?parent=10928"}],"wp:term":[{"taxonomy":"category","embeddable":true,"href":"https:\/\/blog.polityka.pl\/adamczewski\/wp-json\/wp\/v2\/categories?post=10928"},{"taxonomy":"post_tag","embeddable":true,"href":"https:\/\/blog.polityka.pl\/adamczewski\/wp-json\/wp\/v2\/tags?post=10928"}],"curies":[{"name":"wp","href":"https:\/\/api.w.org\/{rel}","templated":true}]}}