
{"id":10930,"date":"2011-10-21T06:13:23","date_gmt":"2011-10-21T05:13:23","guid":{"rendered":"http:\/\/adamczewscy.pl\/?p=3316"},"modified":"2011-10-21T06:13:23","modified_gmt":"2011-10-21T05:13:23","slug":"laskowe-ciasto","status":"publish","type":"post","link":"https:\/\/blog.polityka.pl\/adamczewski\/2011\/10\/21\/laskowe-ciasto\/","title":{"rendered":"Laskowe ciasto"},"content":{"rendered":"<p><em>20 dag mas\u0142a, 1 i 1\/3 szklanki cukru, 4 jajka, 25 dag mielonych orzech\u00f3w w\u0142oskich, 1, 5 szklanki m\u0105ki,  2 \u0142y\u017ceczki proszku do pieczenia, 1\/2 tabliczki startej na grubej jarzynowej tarce gorzkiej czekolady, szczypta soli, \u0142y\u017cka w\u00f3dki lub innego mocnego alkoholu, 2 \u0142y\u017cki cukru pudru do posypania po wierzchu<br \/>\n<\/em><\/p>\n<p>1. Utrze\u0107 mas\u0142o na puszyst\u0105 mas\u0119 dodaj\u0105c po jednym jajka na zmian\u0119 z \u0142y\u017ck\u0105 cukru, na koniec doda\u0107 szczypt\u0119 soli.<br \/>\n2. M\u0105k\u0119, proszek do pieczenia i mielone orzechy wymiesza\u0107, nadal ucieraj\u0105c dodawa\u0107 do masy ma\u015blanej, doda\u0107 alkohol i start\u0105 czekolad\u0119 i jeszcze raz wymiesza\u0107.<br \/>\n3. Prze\u0142o\u017cy\u0107 ciasto do posmarowanej mas\u0142em formy, wyg\u0142adzi\u0107 wierzch. W nagrzanym do 180 st. C piekarniku piec ciasto 70 minut. Po wyj\u0119ciu z piekarnika, kiedy nieco ostygnie,  posypa\u0107 przez sitko cukrem pudrem. <\/p>\n","protected":false},"excerpt":{"rendered":"<p>20 dag mas\u0142a, 1 i 1\/3 szklanki cukru, 4 jajka, 25 dag mielonych orzech\u00f3w w\u0142oskich, 1, 5 szklanki m\u0105ki, 2 \u0142y\u017ceczki proszku do pieczenia, 1\/2 tabliczki startej na grubej jarzynowej tarce gorzkiej czekolady, szczypta soli, \u0142y\u017cka w\u00f3dki lub innego mocnego alkoholu, 2 \u0142y\u017cki cukru pudru do posypania po wierzchu 1. Utrze\u0107 mas\u0142o na puszyst\u0105 mas\u0119 [&hellip;]<\/p>\n","protected":false},"author":2,"featured_media":0,"comment_status":"open","ping_status":"open","sticky":false,"template":"","format":"standard","meta":{"footnotes":""},"categories":[1],"tags":[],"_links":{"self":[{"href":"https:\/\/blog.polityka.pl\/adamczewski\/wp-json\/wp\/v2\/posts\/10930"}],"collection":[{"href":"https:\/\/blog.polityka.pl\/adamczewski\/wp-json\/wp\/v2\/posts"}],"about":[{"href":"https:\/\/blog.polityka.pl\/adamczewski\/wp-json\/wp\/v2\/types\/post"}],"author":[{"embeddable":true,"href":"https:\/\/blog.polityka.pl\/adamczewski\/wp-json\/wp\/v2\/users\/2"}],"replies":[{"embeddable":true,"href":"https:\/\/blog.polityka.pl\/adamczewski\/wp-json\/wp\/v2\/comments?post=10930"}],"version-history":[{"count":0,"href":"https:\/\/blog.polityka.pl\/adamczewski\/wp-json\/wp\/v2\/posts\/10930\/revisions"}],"wp:attachment":[{"href":"https:\/\/blog.polityka.pl\/adamczewski\/wp-json\/wp\/v2\/media?parent=10930"}],"wp:term":[{"taxonomy":"category","embeddable":true,"href":"https:\/\/blog.polityka.pl\/adamczewski\/wp-json\/wp\/v2\/categories?post=10930"},{"taxonomy":"post_tag","embeddable":true,"href":"https:\/\/blog.polityka.pl\/adamczewski\/wp-json\/wp\/v2\/tags?post=10930"}],"curies":[{"name":"wp","href":"https:\/\/api.w.org\/{rel}","templated":true}]}}