
{"id":10932,"date":"2011-10-21T06:15:47","date_gmt":"2011-10-21T05:15:47","guid":{"rendered":"http:\/\/adamczewscy.pl\/?p=3318"},"modified":"2011-10-21T06:15:47","modified_gmt":"2011-10-21T05:15:47","slug":"szybka-potrawa-z-kurczaka-i-grzybow","status":"publish","type":"post","link":"https:\/\/blog.polityka.pl\/adamczewski\/2011\/10\/21\/szybka-potrawa-z-kurczaka-i-grzybow\/","title":{"rendered":"Szybka potrawa z kurczaka i grzyb\u00f3w"},"content":{"rendered":"<p><em>2 podw\u00f3jne piersi z kurczaka, 50 dag mro\u017conych lub \u015bwie\u017cych grzyb\u00f3w le\u015bnych, szklanka \u015bmietany 22-proc., 3 \u0142y\u017cki m\u0105ki, s\u00f3l, pieprz, 4 \u0142y\u017cki oleju<\/em><\/p>\n<p>1. Grzyby oczy\u015bci\u0107 lub mro\u017cone rozmrozi\u0107 pokroi\u0107 w paski. Tak samo pokroi\u0107 mi\u0119so.<br \/>\n2. W garnku rozgrza\u0107 olej i najpierw wrzuci\u0107 mi\u0119so, podsma\u017cy\u0107 a nast\u0119pnie grzyby. Chwil\u0119 razem sma\u017cy\u0107 i wla\u0107 wody tyle, aby pokry\u0142a mi\u0119so i grzyby. Lekko posoli\u0107. Pod przykryciem gotowa\u0107 razem 30 minut.<br \/>\n3. Wymiesza\u0107 \u015bmietan\u0119 z m\u0105k\u0105, doda\u0107 do potrawy, doprawi\u0107 pieprzem i ewentualnie jeszcze sol\u0105, gotowa\u0107 potraw\u0119 do zg\u0119stnienia sosu. <\/p>\n","protected":false},"excerpt":{"rendered":"<p>2 podw\u00f3jne piersi z kurczaka, 50 dag mro\u017conych lub \u015bwie\u017cych grzyb\u00f3w le\u015bnych, szklanka \u015bmietany 22-proc., 3 \u0142y\u017cki m\u0105ki, s\u00f3l, pieprz, 4 \u0142y\u017cki oleju 1. Grzyby oczy\u015bci\u0107 lub mro\u017cone rozmrozi\u0107 pokroi\u0107 w paski. Tak samo pokroi\u0107 mi\u0119so. 2. W garnku rozgrza\u0107 olej i najpierw wrzuci\u0107 mi\u0119so, podsma\u017cy\u0107 a nast\u0119pnie grzyby. Chwil\u0119 razem sma\u017cy\u0107 i wla\u0107 wody [&hellip;]<\/p>\n","protected":false},"author":2,"featured_media":0,"comment_status":"open","ping_status":"open","sticky":false,"template":"","format":"standard","meta":{"footnotes":""},"categories":[1],"tags":[],"_links":{"self":[{"href":"https:\/\/blog.polityka.pl\/adamczewski\/wp-json\/wp\/v2\/posts\/10932"}],"collection":[{"href":"https:\/\/blog.polityka.pl\/adamczewski\/wp-json\/wp\/v2\/posts"}],"about":[{"href":"https:\/\/blog.polityka.pl\/adamczewski\/wp-json\/wp\/v2\/types\/post"}],"author":[{"embeddable":true,"href":"https:\/\/blog.polityka.pl\/adamczewski\/wp-json\/wp\/v2\/users\/2"}],"replies":[{"embeddable":true,"href":"https:\/\/blog.polityka.pl\/adamczewski\/wp-json\/wp\/v2\/comments?post=10932"}],"version-history":[{"count":0,"href":"https:\/\/blog.polityka.pl\/adamczewski\/wp-json\/wp\/v2\/posts\/10932\/revisions"}],"wp:attachment":[{"href":"https:\/\/blog.polityka.pl\/adamczewski\/wp-json\/wp\/v2\/media?parent=10932"}],"wp:term":[{"taxonomy":"category","embeddable":true,"href":"https:\/\/blog.polityka.pl\/adamczewski\/wp-json\/wp\/v2\/categories?post=10932"},{"taxonomy":"post_tag","embeddable":true,"href":"https:\/\/blog.polityka.pl\/adamczewski\/wp-json\/wp\/v2\/tags?post=10932"}],"curies":[{"name":"wp","href":"https:\/\/api.w.org\/{rel}","templated":true}]}}