
{"id":10934,"date":"2011-10-28T06:41:17","date_gmt":"2011-10-28T05:41:17","guid":{"rendered":"http:\/\/adamczewscy.pl\/?p=3321"},"modified":"2011-10-28T06:41:17","modified_gmt":"2011-10-28T05:41:17","slug":"groszkowa-zupa-z-kropkami","status":"publish","type":"post","link":"https:\/\/blog.polityka.pl\/adamczewski\/2011\/10\/28\/groszkowa-zupa-z-kropkami\/","title":{"rendered":"Groszkowa zupa z kropkami"},"content":{"rendered":"<p><em>2 szklanki mro\u017conego groszku, \u015brednia cebula, 2 szklanki bulionu ciel\u0119cego z kostki, 2 \u0142y\u017cki mas\u0142a i 2 \u0142y\u017cki oliwy, ? szklanki \u015bmietany (najlepiej 22-proc. ), 2 \u017c\u00f3\u0142tka, \u015brednia marchew, s\u00f3l, cukier do smaku, \u015bwie\u017co zmielony bia\u0142y pieprz<br \/>\n<\/em><br \/>\n1. Rozgrza\u0107 oliw\u0119, doda\u0107 posiekan\u0105 drobno cebul\u0119 i zeszkli\u0107.<br \/>\n2. Do cebuli doda\u0107 bulion i rozmro\u017cony groszek, oraz pokrojon\u0105 na grube kr\u0105\u017cki marchew; gotowa\u0107 10 minut, wyj\u0105\u0107 ugotowan\u0105 marchew, doda\u0107 mas\u0142o, wymiesza\u0107, zmiksowa\u0107. Doprawi\u0107 do smaku cukrem, sol\u0105 i pieprzem.<br \/>\n3. W kubeczku umie\u015bci\u0107 \u015bmietan\u0119, doda\u0107 \u017c\u00f3\u0142tka, wymiesza\u0107, wla\u0107 kilka \u0142y\u017cek gor\u0105cej zupy, wymiesza\u0107 raz jeszcze, wla\u0107 zawarto\u015b\u0107 kubeczka do pozosta\u0142ej zupy i silnie podgrza\u0107 nie gotuj\u0105c.<br \/>\n4. Marchewk\u0119 zmiksowa\u0107 na puree, do ka\u017cdej porcji zupy dodawa\u0107 krop\u0119 e ze zmiksowanej marchwi. Podawa\u0107 zup\u0119 z grzank\u0105 lub s\u0142onym ciasteczkiem. <\/p>\n","protected":false},"excerpt":{"rendered":"<p>2 szklanki mro\u017conego groszku, \u015brednia cebula, 2 szklanki bulionu ciel\u0119cego z kostki, 2 \u0142y\u017cki mas\u0142a i 2 \u0142y\u017cki oliwy, ? szklanki \u015bmietany (najlepiej 22-proc. ), 2 \u017c\u00f3\u0142tka, \u015brednia marchew, s\u00f3l, cukier do smaku, \u015bwie\u017co zmielony bia\u0142y pieprz 1. Rozgrza\u0107 oliw\u0119, doda\u0107 posiekan\u0105 drobno cebul\u0119 i zeszkli\u0107. 2. Do cebuli doda\u0107 bulion i rozmro\u017cony groszek, oraz [&hellip;]<\/p>\n","protected":false},"author":2,"featured_media":0,"comment_status":"open","ping_status":"open","sticky":false,"template":"","format":"standard","meta":{"footnotes":""},"categories":[1],"tags":[],"_links":{"self":[{"href":"https:\/\/blog.polityka.pl\/adamczewski\/wp-json\/wp\/v2\/posts\/10934"}],"collection":[{"href":"https:\/\/blog.polityka.pl\/adamczewski\/wp-json\/wp\/v2\/posts"}],"about":[{"href":"https:\/\/blog.polityka.pl\/adamczewski\/wp-json\/wp\/v2\/types\/post"}],"author":[{"embeddable":true,"href":"https:\/\/blog.polityka.pl\/adamczewski\/wp-json\/wp\/v2\/users\/2"}],"replies":[{"embeddable":true,"href":"https:\/\/blog.polityka.pl\/adamczewski\/wp-json\/wp\/v2\/comments?post=10934"}],"version-history":[{"count":0,"href":"https:\/\/blog.polityka.pl\/adamczewski\/wp-json\/wp\/v2\/posts\/10934\/revisions"}],"wp:attachment":[{"href":"https:\/\/blog.polityka.pl\/adamczewski\/wp-json\/wp\/v2\/media?parent=10934"}],"wp:term":[{"taxonomy":"category","embeddable":true,"href":"https:\/\/blog.polityka.pl\/adamczewski\/wp-json\/wp\/v2\/categories?post=10934"},{"taxonomy":"post_tag","embeddable":true,"href":"https:\/\/blog.polityka.pl\/adamczewski\/wp-json\/wp\/v2\/tags?post=10934"}],"curies":[{"name":"wp","href":"https:\/\/api.w.org\/{rel}","templated":true}]}}