
{"id":10936,"date":"2011-10-28T06:43:31","date_gmt":"2011-10-28T05:43:31","guid":{"rendered":"http:\/\/adamczewscy.pl\/?p=3323"},"modified":"2011-10-28T06:43:31","modified_gmt":"2011-10-28T05:43:31","slug":"pikantna-zupa-z-marchewki","status":"publish","type":"post","link":"https:\/\/blog.polityka.pl\/adamczewski\/2011\/10\/28\/pikantna-zupa-z-marchewki\/","title":{"rendered":"Pikantna zupa z marchewki"},"content":{"rendered":"<p><em>3 du\u017ce marchwie, 2 \u0142y\u017cki mas\u0142a, cebula, pietruszka, 1,5 szklanki bulionu warzywnego z kostki, \u0142y\u017cka startego na drobnej tarce imbiru, ? \u0142y\u017ceczki startej na drobnej tarce sk\u00f3rki pomara\u0144czowej, sok wyci\u015bni\u0119ty z pomara\u0144czy, 1\/3 szklanki \u015bmietanki 12-proc., s\u00f3l, mielony bia\u0142y pieprz<br \/>\n<\/em><\/p>\n<p>1. W garnku rozgrza\u0107 mas\u0142o, doda\u0107 posiekan\u0105 drobno cebul\u0119 i zeszkli\u0107.<br \/>\n2. Marchewki i pietruszk\u0119 pokroi\u0107 w plasterki, doda\u0107 do cebuli i dusi\u0107 15 minut mieszaj\u0105c od czasu do czasu.<br \/>\n3. Do garnka wla\u0107 bulion, doda\u0107 imbir oraz start\u0105 sk\u00f3rk\u0119 pomara\u0144czow\u0105, gotowa\u0107 a\u017c sk\u0142adniki zupe\u0142nie zmi\u0119kn\u0105. Lekko ostudzi\u0107 i zmiksowa\u0107 na krem.<br \/>\n4. Zupa powinna by\u0107 kremowa i do\u015b\u0107 g\u0119sta, gdyby jednak by\u0142a zbyt g\u0119sta &#8211; dola\u0107 jeszcze troch\u0119 bulionu warzywnego.<br \/>\n5. Do zupy wla\u0107 \u015bmietank\u0119, doprawi\u0107 sol\u0105 i pieprzem. Podawa\u0107 w fili\u017cankach, bardzo gor\u0105c\u0105. <\/p>\n","protected":false},"excerpt":{"rendered":"<p>3 du\u017ce marchwie, 2 \u0142y\u017cki mas\u0142a, cebula, pietruszka, 1,5 szklanki bulionu warzywnego z kostki, \u0142y\u017cka startego na drobnej tarce imbiru, ? \u0142y\u017ceczki startej na drobnej tarce sk\u00f3rki pomara\u0144czowej, sok wyci\u015bni\u0119ty z pomara\u0144czy, 1\/3 szklanki \u015bmietanki 12-proc., s\u00f3l, mielony bia\u0142y pieprz 1. W garnku rozgrza\u0107 mas\u0142o, doda\u0107 posiekan\u0105 drobno cebul\u0119 i zeszkli\u0107. 2. Marchewki i pietruszk\u0119 [&hellip;]<\/p>\n","protected":false},"author":2,"featured_media":0,"comment_status":"open","ping_status":"open","sticky":false,"template":"","format":"standard","meta":{"footnotes":""},"categories":[1],"tags":[],"_links":{"self":[{"href":"https:\/\/blog.polityka.pl\/adamczewski\/wp-json\/wp\/v2\/posts\/10936"}],"collection":[{"href":"https:\/\/blog.polityka.pl\/adamczewski\/wp-json\/wp\/v2\/posts"}],"about":[{"href":"https:\/\/blog.polityka.pl\/adamczewski\/wp-json\/wp\/v2\/types\/post"}],"author":[{"embeddable":true,"href":"https:\/\/blog.polityka.pl\/adamczewski\/wp-json\/wp\/v2\/users\/2"}],"replies":[{"embeddable":true,"href":"https:\/\/blog.polityka.pl\/adamczewski\/wp-json\/wp\/v2\/comments?post=10936"}],"version-history":[{"count":0,"href":"https:\/\/blog.polityka.pl\/adamczewski\/wp-json\/wp\/v2\/posts\/10936\/revisions"}],"wp:attachment":[{"href":"https:\/\/blog.polityka.pl\/adamczewski\/wp-json\/wp\/v2\/media?parent=10936"}],"wp:term":[{"taxonomy":"category","embeddable":true,"href":"https:\/\/blog.polityka.pl\/adamczewski\/wp-json\/wp\/v2\/categories?post=10936"},{"taxonomy":"post_tag","embeddable":true,"href":"https:\/\/blog.polityka.pl\/adamczewski\/wp-json\/wp\/v2\/tags?post=10936"}],"curies":[{"name":"wp","href":"https:\/\/api.w.org\/{rel}","templated":true}]}}