
{"id":10938,"date":"2011-11-04T07:00:37","date_gmt":"2011-11-04T06:00:37","guid":{"rendered":"http:\/\/adamczewscy.pl\/?p=3326"},"modified":"2011-11-04T07:00:37","modified_gmt":"2011-11-04T06:00:37","slug":"kotlety-ziemniaczane-nadziewane-pieczonym-miesem","status":"publish","type":"post","link":"https:\/\/blog.polityka.pl\/adamczewski\/2011\/11\/04\/kotlety-ziemniaczane-nadziewane-pieczonym-miesem\/","title":{"rendered":"Kotlety ziemniaczane nadziewane pieczonym mi\u0119sem"},"content":{"rendered":"<p><em>4 plasterki pieczeni wieprzowej, 1\/2 kg ugotowanych ziemniak\u00f3w, szklanka startego \u017c\u00f3\u0142tego sera, 2 \u0142y\u017cki pszennej m\u0105ki, jajko, s\u00f3l, pieprz, 4 \u0142y\u017cki oleju do sma\u017cenia<br \/>\n<\/em><br \/>\n1. Ugotowane ziemniaki przecisn\u0105\u0107 przez prask\u0119, doda\u0107 ser, m\u0105k\u0119 i jajko, doprawi\u0107 sol\u0105 i pieprzem, dok\u0142adnie wyrobi\u0107 ciasto.<br \/>\n2. Uformowa\u0107 8 placuszk\u00f3w nieco tylko wi\u0119kszych od plasterk\u00f3w mi\u0119sa,<br \/>\n3. Na po\u0142owie placuszk\u00f3w pouk\u0142ada\u0107 plasterki mi\u0119sa, nakry\u0107 pozosta\u0142ymi i dobrze zlepi\u0107 brzegi. Docisn\u0105\u0107 d\u0142oni\u0105 mas\u0119 ziemniaczan\u0105 do mi\u0119sa.<br \/>\n4. Rozgrza\u0107 na patelni olej i sma\u017cy\u0107 placki z obu stron na rumiano, po oko\u0142o 4 minut z ka\u017cdej strony. Podawa\u0107 z pikantn\u0105 sur\u00f3wk\u0105. <\/p>\n","protected":false},"excerpt":{"rendered":"<p>4 plasterki pieczeni wieprzowej, 1\/2 kg ugotowanych ziemniak\u00f3w, szklanka startego \u017c\u00f3\u0142tego sera, 2 \u0142y\u017cki pszennej m\u0105ki, jajko, s\u00f3l, pieprz, 4 \u0142y\u017cki oleju do sma\u017cenia 1. Ugotowane ziemniaki przecisn\u0105\u0107 przez prask\u0119, doda\u0107 ser, m\u0105k\u0119 i jajko, doprawi\u0107 sol\u0105 i pieprzem, dok\u0142adnie wyrobi\u0107 ciasto. 2. Uformowa\u0107 8 placuszk\u00f3w nieco tylko wi\u0119kszych od plasterk\u00f3w mi\u0119sa, 3. Na po\u0142owie [&hellip;]<\/p>\n","protected":false},"author":2,"featured_media":0,"comment_status":"open","ping_status":"open","sticky":false,"template":"","format":"standard","meta":{"footnotes":""},"categories":[1],"tags":[],"_links":{"self":[{"href":"https:\/\/blog.polityka.pl\/adamczewski\/wp-json\/wp\/v2\/posts\/10938"}],"collection":[{"href":"https:\/\/blog.polityka.pl\/adamczewski\/wp-json\/wp\/v2\/posts"}],"about":[{"href":"https:\/\/blog.polityka.pl\/adamczewski\/wp-json\/wp\/v2\/types\/post"}],"author":[{"embeddable":true,"href":"https:\/\/blog.polityka.pl\/adamczewski\/wp-json\/wp\/v2\/users\/2"}],"replies":[{"embeddable":true,"href":"https:\/\/blog.polityka.pl\/adamczewski\/wp-json\/wp\/v2\/comments?post=10938"}],"version-history":[{"count":0,"href":"https:\/\/blog.polityka.pl\/adamczewski\/wp-json\/wp\/v2\/posts\/10938\/revisions"}],"wp:attachment":[{"href":"https:\/\/blog.polityka.pl\/adamczewski\/wp-json\/wp\/v2\/media?parent=10938"}],"wp:term":[{"taxonomy":"category","embeddable":true,"href":"https:\/\/blog.polityka.pl\/adamczewski\/wp-json\/wp\/v2\/categories?post=10938"},{"taxonomy":"post_tag","embeddable":true,"href":"https:\/\/blog.polityka.pl\/adamczewski\/wp-json\/wp\/v2\/tags?post=10938"}],"curies":[{"name":"wp","href":"https:\/\/api.w.org\/{rel}","templated":true}]}}