
{"id":10939,"date":"2011-11-04T07:02:08","date_gmt":"2011-11-04T06:02:08","guid":{"rendered":"http:\/\/adamczewscy.pl\/?p=3327"},"modified":"2011-11-04T07:02:08","modified_gmt":"2011-11-04T06:02:08","slug":"zupa-porowo-cebulowa","status":"publish","type":"post","link":"https:\/\/blog.polityka.pl\/adamczewski\/2011\/11\/04\/zupa-porowo-cebulowa\/","title":{"rendered":"Zupa porowo &#8211; cebulowa"},"content":{"rendered":"<p><em>4 grube pory z d\u0142ug\u0105 cz\u0119\u015bci\u0105 bia\u0142\u0105, 2 \u015brednie cebule, 2 \u0142y\u017cki mas\u0142a, 4 szklanki bulionu ciel\u0119cego z kostki, dwa serki topione (\u0142\u0105cznie 20 dag), \u0142y\u017cka dobrego serka homogenizowanego, szklanka \u015bmietany 12-proc., 4 par\u00f3wki w naturalnej os\u0142once, s\u00f3l, pieprz, 2 \u0142y\u017cki posiekanej zielonej pietruszki<br \/>\n<\/em><br \/>\n1. Pory oczy\u015bci\u0107 usuwaj\u0105c uszkodzone listki z wierzchu, odci\u0105\u0107 korzonki i zielone cz\u0119\u015bci listk\u00f3w, pozosta\u0142\u0105 cz\u0119\u015b\u0107 pokroi\u0107 w cienkie kr\u0105\u017cki.<br \/>\n2. Cebul\u0119 posieka\u0107 drobno.<br \/>\n3. Na rozgrzanym ma\u015ble udusi\u0107 pory i cebul\u0119, wla\u0107 gor\u0105cy bulion ciel\u0119cy, gotowa\u0107 pod przykryciem 20 minut, doprawiaj\u0105c sol\u0105 i pieprzem.<br \/>\n4. Do zupy doda\u0107 pokrojone na kawa\u0142ki serki topione i mieszaj\u0105c doprowadzi\u0107 do ich rozpuszczenia.<br \/>\n5. Wymiesza\u0107 serek homogenizowany ze \u015bmietan\u0105,  wla\u0107 kilka \u0142y\u017cek gor\u0105cej zupy, wymiesza\u0107 raz jeszcze i po\u0142\u0105czy\u0107 z pozosta\u0142\u0105 zup\u0105.<br \/>\n6. Par\u00f3wki pokroi\u0107 na centymetrowej grubo\u015bci kr\u0105\u017cki, doda\u0107 do zupy, podgrza\u0107.<br \/>\nPodaj\u0105c posypa\u0107 zup\u0119 siekan\u0105 zielon\u0105 pietruszk\u0105. <\/p>\n","protected":false},"excerpt":{"rendered":"<p>4 grube pory z d\u0142ug\u0105 cz\u0119\u015bci\u0105 bia\u0142\u0105, 2 \u015brednie cebule, 2 \u0142y\u017cki mas\u0142a, 4 szklanki bulionu ciel\u0119cego z kostki, dwa serki topione (\u0142\u0105cznie 20 dag), \u0142y\u017cka dobrego serka homogenizowanego, szklanka \u015bmietany 12-proc., 4 par\u00f3wki w naturalnej os\u0142once, s\u00f3l, pieprz, 2 \u0142y\u017cki posiekanej zielonej pietruszki 1. Pory oczy\u015bci\u0107 usuwaj\u0105c uszkodzone listki z wierzchu, odci\u0105\u0107 korzonki i [&hellip;]<\/p>\n","protected":false},"author":2,"featured_media":0,"comment_status":"open","ping_status":"open","sticky":false,"template":"","format":"standard","meta":{"footnotes":""},"categories":[1],"tags":[],"_links":{"self":[{"href":"https:\/\/blog.polityka.pl\/adamczewski\/wp-json\/wp\/v2\/posts\/10939"}],"collection":[{"href":"https:\/\/blog.polityka.pl\/adamczewski\/wp-json\/wp\/v2\/posts"}],"about":[{"href":"https:\/\/blog.polityka.pl\/adamczewski\/wp-json\/wp\/v2\/types\/post"}],"author":[{"embeddable":true,"href":"https:\/\/blog.polityka.pl\/adamczewski\/wp-json\/wp\/v2\/users\/2"}],"replies":[{"embeddable":true,"href":"https:\/\/blog.polityka.pl\/adamczewski\/wp-json\/wp\/v2\/comments?post=10939"}],"version-history":[{"count":0,"href":"https:\/\/blog.polityka.pl\/adamczewski\/wp-json\/wp\/v2\/posts\/10939\/revisions"}],"wp:attachment":[{"href":"https:\/\/blog.polityka.pl\/adamczewski\/wp-json\/wp\/v2\/media?parent=10939"}],"wp:term":[{"taxonomy":"category","embeddable":true,"href":"https:\/\/blog.polityka.pl\/adamczewski\/wp-json\/wp\/v2\/categories?post=10939"},{"taxonomy":"post_tag","embeddable":true,"href":"https:\/\/blog.polityka.pl\/adamczewski\/wp-json\/wp\/v2\/tags?post=10939"}],"curies":[{"name":"wp","href":"https:\/\/api.w.org\/{rel}","templated":true}]}}