
{"id":1094,"date":"2009-08-12T08:00:26","date_gmt":"2009-08-12T06:00:26","guid":{"rendered":"http:\/\/adamczewski.blog.polityka.pl\/?p=1094"},"modified":"2009-08-11T18:38:29","modified_gmt":"2009-08-11T16:38:29","slug":"dwie-wystawy-w-ostrolece-czyli-kawa-z-wisniowka","status":"publish","type":"post","link":"https:\/\/blog.polityka.pl\/adamczewski\/2009\/08\/12\/dwie-wystawy-w-ostrolece-czyli-kawa-z-wisniowka\/","title":{"rendered":"Dwie wystawy w Ostro\u0142\u0119ce czyli kawa z wi\u015bni\u00f3wk\u0105"},"content":{"rendered":"<p class=\"MsoNormal\" style=\"margin: 0cm 0cm 10pt; line-height: 150%;\"><span style=\"font-size: 12pt; line-height: 150%; font-family: \">Ostro\u0142\u0119ka bardzo wy\u0142adnia\u0142a od mojej poprzedniej tu bytno\u015bci. Domy, place, ulice czyste, jasne i zach\u0119caj\u0105ce do spacer\u00f3w. Tak jak w ca\u0142ej Polsce pe\u0142no sklep\u00f3w i bank\u00f3w. Ale w tym mie\u015bcie s\u0105 te\u017c i inne plac\u00f3wki\u00a0&#8211; dla ludzi interesuj\u0105cych si\u0119 kultur\u0105.<\/span><\/p>\n<p class=\"MsoNormal\" style=\"margin: 0cm 0cm 10pt; line-height: 150%;\"><span style=\"font-size: 12pt; line-height: 150%; font-family: \">Przy Pl. J\u00f3zefa Bema z jednej strony Muzeum Kurpiowskie a niemal tu\u017c obok<span style=\"mso-spacerun: yes;\">\u00a0 <\/span>Galeria Ostro\u0142\u0119ka. Byli\u015bmy i tu, i tu.<\/span><\/p>\n<p class=\"MsoNormal\" style=\"margin: 0cm 0cm 10pt; line-height: 150%;\"><span style=\"font-size: 12pt; line-height: 150%; font-family: \">W Muzeum Kurpiowskim, w kt\u00f3rym przez miniony rok pracowa\u0142 Marek Kulikowski a zako\u0144czy\u0142a si\u0119 ta praca (nie z <span style=\"mso-spacerun: yes;\">\u00a0<\/span>jego winy) <span style=\"mso-spacerun: yes;\">\u00a0<\/span>przykrym zgrzytem, obejrzeli\u015bmy<span style=\"mso-spacerun: yes;\">\u00a0 <\/span>dwie ekspozycje. W sali wystawowej tu\u017c przy wej\u015bciu kilkadziesi\u0105t prac Marka (znanego te\u017c jako Mi\u015b-2). Tematem jego fotografii jest Bo\u017ce Cia\u0142o w Myszy\u0144cu. <\/span><\/p>\n<p class=\"MsoNormal\" style=\"margin: 0cm 0cm 10pt; line-height: 150%;\"><span style=\"font-size: 12pt; line-height: 150%; font-family: \"><a href=\"\/wp-content\/uploads\/2009\/08\/wystawa-misia-p80601701.jpg\"><img loading=\"lazy\" decoding=\"async\" class=\"aligncenter size-full wp-image-1100\" title=\"wystawa-misia-p80601701\" src=\"\/wp-content\/uploads\/2009\/08\/wystawa-misia-p80601701.jpg\" alt=\"\" width=\"500\" height=\"375\" srcset=\"\/adamczewski\/wp-content\/uploads\/2009\/08\/wystawa-misia-p80601701.jpg 640w, \/adamczewski\/wp-content\/uploads\/2009\/08\/wystawa-misia-p80601701-300x225.jpg 300w\" sizes=\"(max-width: 500px) 100vw, 500px\" \/><\/a><\/span><\/p>\n<p class=\"MsoNormal\" style=\"margin: 0cm 0cm 10pt; line-height: 150%;\"><em>Artysta i jego prace (obok przypadkowy go\u015b\u0107)<\/em><\/p>\n<p class=\"MsoNormal\" style=\"margin: 0cm 0cm 10pt; line-height: 150%;\"><span style=\"font-size: 12pt; line-height: 150%; font-family: \">Zdj\u0119cia pi\u0119knie oprawione ale to nie dziwi poniewa\u017c Marek od lat prowadzi zak\u0142ad oprawy obraz\u00f3w i klienci pchaj\u0105 si\u0119 do niego, bo jest naprawd\u0119 mistrzem w tej dziedzinie. Marek jest doskona\u0142ym pejza\u017cyst\u0105 (wiemy to ogl\u0105daj\u0105c jego prace na blogu) i portrecist\u0105. Celuje zw\u0142aszcza w portretach m\u0142odych kobiet fotografowanych w r\u00f3\u017cnych miastach Europy i prezentacji architektury. <\/span><\/p>\n<p class=\"MsoNormal\" style=\"margin: 0cm 0cm 10pt; line-height: 150%;\"><span style=\"font-size: 12pt; line-height: 150%; font-family: \">Tu autor wyst\u0105pi\u0142 w dwu rolach: reportera i etnografa. Zdj\u0119cia pokazuj\u0105 bowiem kolorowy i fascynuj\u0105cy \u015bwiat ko\u015bcielnego \u015bwi\u0119ta w wydaniu kurpiowskim. S\u0105 wi\u0119c wspania\u0142e zdj\u0119cia procesji, w kt\u00f3rej uczestnicz\u0105 kobiety w barwnych ludowych strojach (m\u0119\u017cczy\u017ani\u00a0 stroni\u0105 od ubior\u00f3w ludowych i wol\u0105 garnitury b\u0105d\u017a bia\u0142e koszule), s\u0105 te\u017c modl\u0105cy si\u0119 parafianie w pi\u0119knie prezentuj\u0105cych si\u0119 wn\u0119trzach ko\u015bcielnych i oczywi\u015bcie portrety.<\/span><\/p>\n<p class=\"MsoNormal\" style=\"margin: 0cm 0cm 10pt; line-height: 150%;\"><span style=\"font-size: 12pt; line-height: 150%; font-family: \">Wystawa ma wi\u0119c warto\u015b\u0107 podw\u00f3jn\u0105: zaciekawi mi\u0142o\u015bnik\u00f3w reporterskiej fotografii a tak\u017ce jest dokumentem i to bardzo cennym dla etnograf\u00f3w i wszelkich badaczy wymieraj\u0105cego ju\u017c autentycznego folkloru polskiego.<\/span><\/p>\n<p class=\"MsoNormal\" style=\"margin: 0cm 0cm 10pt; line-height: 150%;\"><span style=\"font-size: 12pt; line-height: 150%; font-family: \"><img loading=\"lazy\" decoding=\"async\" class=\"aligncenter size-full wp-image-1101\" title=\"wystawa-misia-z-czestop8060174\" src=\"\/wp-content\/uploads\/2009\/08\/wystawa-misia-z-czestop8060174.jpg\" alt=\"\" width=\"500\" height=\"375\" srcset=\"\/adamczewski\/wp-content\/uploads\/2009\/08\/wystawa-misia-z-czestop8060174.jpg 640w, \/adamczewski\/wp-content\/uploads\/2009\/08\/wystawa-misia-z-czestop8060174-300x225.jpg 300w\" sizes=\"(max-width: 500px) 100vw, 500px\" \/><\/span><\/p>\n<p class=\"MsoNormal\" style=\"margin: 0cm 0cm 10pt; line-height: 150%;\"><span style=\"font-size: 12pt; line-height: 150%; font-family: \"><span style=\"font-size: 12pt; line-height: 150%; font-family: \"><em>Obrazy i sztandary ko\u015bcielne<\/em><\/span><\/span><\/p>\n<p class=\"MsoNormal\" style=\"margin: 0cm 0cm 10pt; line-height: 150%;\"><span style=\"font-size: 12pt; line-height: 150%; font-family: \">Uzupe\u0142nieniem wystawy Marka s\u0105 prezentowane w s\u0105siedniej sali<span style=\"mso-spacerun: yes;\">\u00a0 <\/span>ko\u015bcielne sztandary, figury \u015bwi\u0119tych i <span style=\"mso-spacerun: yes;\">\u00a0<\/span>obrazy zwi\u0105zane z kurpiowskim ko\u015bcio\u0142em.<\/span><\/p>\n<p class=\"MsoNormal\" style=\"margin: 0cm 0cm 10pt; line-height: 150%;\"><span style=\"font-size: 12pt; line-height: 150%; font-family: \">Z jednej strony \u017cal, \u017ce Marek ju\u017c nie fotografuje na potrzeby muzeum lecz cieszy fakt, i\u017c robi to dla w\u0142asnej ale tak\u017ce i naszej satysfakcji. Szkoda, \u017ce nie zd\u0105\u017cycie na Kurpie przed zamkni\u0119ciem wystawy!<\/span><\/p>\n<p class=\"MsoNormal\" style=\"margin: 0cm 0cm 10pt; line-height: 150%;\"><span style=\"font-size: 12pt; line-height: 150%; font-family: \">Druga wystawa (jeszcze w trakcie urz\u0105dzania podczas naszej bytno\u015bci) jest zupe\u0142nie odmienna. W Galerii Ostro\u0142\u0119ka swoje prace tkackie (ale tak\u017ce i z wikliny) prezentuje Marek Kossowski. Artysta urodzony wprawdzie w Warszawie lecz od czas\u00f3w szkolnych mieszkaj\u0105cy na Podhalu. Uko\u0144czy\u0142 Szko\u0142\u0119 im. Antoniego Kenara i Akademi\u0119 Sztuk Pi\u0119knych w Krakowie. Na sta\u0142e mieszka w Nowym Targu. Uprawia kilka dziedzin sztuk plastycznych: malarstwo, tkactwo, wikliniarstwo.<\/span><\/p>\n<p class=\"MsoNormal\" style=\"margin: 0cm 0cm 10pt; line-height: 150%;\">\u00a0<\/p>\n<p class=\"MsoNormal\" style=\"margin: 0cm 0cm 10pt; line-height: 150%;\"><span style=\"font-size: 12pt; line-height: 150%; font-family: \"><a href=\"\/wp-content\/uploads\/2009\/08\/wystawa-artystyp8060177.jpg\"><img loading=\"lazy\" decoding=\"async\" class=\"aligncenter size-full wp-image-1102\" title=\"wystawa-artystyp8060177\" src=\"\/wp-content\/uploads\/2009\/08\/wystawa-artystyp8060177.jpg\" alt=\"\" width=\"500\" height=\"375\" srcset=\"\/adamczewski\/wp-content\/uploads\/2009\/08\/wystawa-artystyp8060177.jpg 640w, \/adamczewski\/wp-content\/uploads\/2009\/08\/wystawa-artystyp8060177-300x225.jpg 300w\" sizes=\"(max-width: 500px) 100vw, 500px\" \/><\/a><\/span><\/p>\n<p class=\"MsoNormal\" style=\"margin: 0cm 0cm 10pt; line-height: 150%;\"><span style=\"font-size: 12pt; line-height: 150%; font-family: \"><em>Prace Marka Kossowskiego<\/em><\/span><\/p>\n<p class=\"MsoNormal\" style=\"margin: 0cm 0cm 10pt; line-height: 150%;\"><span style=\"font-size: 12pt; line-height: 150%; font-family: \">Przywiezione do Ostro\u0142\u0119ki prace prezentuj\u0105 ca\u0142y kunszt artysty. Nas zafascynowa\u0142y zw\u0142aszcza tkaniny z motywami g\u00f3rskich pejza\u017cy. <\/span><\/p>\n<p class=\"MsoNormal\" style=\"margin: 0cm 0cm 10pt; line-height: 150%;\"><span style=\"font-size: 12pt; line-height: 150%; font-family: \">Do przyjazdu na Kurpie nam\u00f3wi\u0142\u00a0Kossowskiego \u00a0&#8222;galernik&#8221;<a href=\"\/wp-content\/uploads\/2009\/08\/wystawa-misia-p8060170.jpg\"><\/a>\u00a0Piotr Nowotny, prywatnie\u00a0&#8211; kuzyn artysty. <\/span><\/p>\n<p class=\"MsoNormal\" style=\"margin: 0cm 0cm 10pt; line-height: 150%;\"><span style=\"font-size: 12pt; line-height: 150%; font-family: \">Poniewa\u017c nasz blog jest monotematyczny to musz\u0119 t\u0119 relacj\u0119 zako\u0144czy\u0107 w\u0142a\u015bciwym akcentem. Odwiedzili\u015bmy dom i pracowni\u0119 Marka, w kt\u00f3rej opr\u00f3cz oprawianych obraz\u00f3w stoj\u0105 i le\u017c\u0105 setki jego zdj\u0119\u0107. Poniewa\u017c wyrazi\u0142em zachwyt jednym z nich natychmiast zosta\u0142em nim obdarowany. Dwie stare i podesch\u0142e wierzby na tle \u015bwierkowego lasu zdobi\u0105 teraz moj\u0105 werand\u0119. <\/span><\/p>\n<p class=\"MsoNormal\" style=\"margin: 0cm 0cm 10pt; line-height: 150%;\"><span style=\"font-size: 12pt; line-height: 150%; font-family: \">W saloniku obok kuchni Mi\u015b pocz\u0119stowa\u0142 nas kaw\u0105 i wi\u015bni\u00f3wk\u0105 w\u0142asnej produkcji. (Popr\u00f3bowa\u0142em te\u017c nadzwyczajnego smaku malin\u00f3wk\u0119.) Smak, zapach i moc kawy da\u0142a \u015bwiadectwo oraz potwierdzi\u0142y, \u017ce Marek je\u017adzi do W\u0142och nie tylko po ramy, obrazy i fotografie. On ju\u017c przesi\u0105k\u0142 w\u0142osk\u0105 kuchni\u0105. <\/span><\/p>\n<p class=\"MsoNormal\" style=\"margin: 0cm 0cm 10pt; line-height: 150%;\"><span style=\"font-size: 12pt; line-height: 150%; font-family: \"><a href=\"\/wp-content\/uploads\/2009\/08\/wystawa-mis-w-domup8060186.jpg\"><img loading=\"lazy\" decoding=\"async\" class=\"aligncenter size-full wp-image-1103\" title=\"wystawa-mis-w-domup8060186\" src=\"\/wp-content\/uploads\/2009\/08\/wystawa-mis-w-domup8060186.jpg\" alt=\"\" width=\"500\" height=\"375\" srcset=\"\/adamczewski\/wp-content\/uploads\/2009\/08\/wystawa-mis-w-domup8060186.jpg 640w, \/adamczewski\/wp-content\/uploads\/2009\/08\/wystawa-mis-w-domup8060186-300x225.jpg 300w\" sizes=\"(max-width: 500px) 100vw, 500px\" \/><\/a><\/span><\/p>\n<p class=\"MsoNormal\" style=\"margin: 0cm 0cm 10pt; line-height: 150%;\"><span style=\"font-size: 12pt; line-height: 150%; font-family: \"><em>Marek w pracowni w\u015br\u00f3d swoich portret\u00f3w (m.in. Marka Edelmana) i obraz\u00f3w<\/em><\/span><\/p>\n<p class=\"MsoNormal\" style=\"margin: 0cm 0cm 10pt; line-height: 150%;\"><span style=\"font-size: 12pt; line-height: 150%; font-family: \">Na szcz\u0119\u015bcie dla Was wybiera si\u0119 on na Zjazd. B\u0119dziecie mogli popr\u00f3bowa\u0107 tego co ja ju\u017c pr\u00f3bowa\u0142em ze smakiem.<\/span><\/p>\n<p class=\"MsoNormal\" style=\"margin: 0cm 0cm 10pt; line-height: 150%;\"><span style=\"font-size: 12pt; line-height: 150%; font-family: \">\u00a0<\/span><\/p>\n","protected":false},"excerpt":{"rendered":"<p>Ostro\u0142\u0119ka bardzo wy\u0142adnia\u0142a od mojej poprzedniej tu bytno\u015bci. Domy, place, ulice czyste, jasne i zach\u0119caj\u0105ce do spacer\u00f3w. Tak jak w ca\u0142ej Polsce pe\u0142no sklep\u00f3w i bank\u00f3w. Ale w tym mie\u015bcie s\u0105 te\u017c i inne plac\u00f3wki\u00a0&#8211; dla ludzi interesuj\u0105cych si\u0119 kultur\u0105. Przy Pl. J\u00f3zefa Bema z jednej strony Muzeum Kurpiowskie a niemal tu\u017c obok\u00a0 Galeria Ostro\u0142\u0119ka. [&hellip;]<\/p>\n","protected":false},"author":2,"featured_media":0,"comment_status":"open","ping_status":"open","sticky":false,"template":"","format":"standard","meta":{"footnotes":""},"categories":[1],"tags":[],"_links":{"self":[{"href":"https:\/\/blog.polityka.pl\/adamczewski\/wp-json\/wp\/v2\/posts\/1094"}],"collection":[{"href":"https:\/\/blog.polityka.pl\/adamczewski\/wp-json\/wp\/v2\/posts"}],"about":[{"href":"https:\/\/blog.polityka.pl\/adamczewski\/wp-json\/wp\/v2\/types\/post"}],"author":[{"embeddable":true,"href":"https:\/\/blog.polityka.pl\/adamczewski\/wp-json\/wp\/v2\/users\/2"}],"replies":[{"embeddable":true,"href":"https:\/\/blog.polityka.pl\/adamczewski\/wp-json\/wp\/v2\/comments?post=1094"}],"version-history":[{"count":0,"href":"https:\/\/blog.polityka.pl\/adamczewski\/wp-json\/wp\/v2\/posts\/1094\/revisions"}],"wp:attachment":[{"href":"https:\/\/blog.polityka.pl\/adamczewski\/wp-json\/wp\/v2\/media?parent=1094"}],"wp:term":[{"taxonomy":"category","embeddable":true,"href":"https:\/\/blog.polityka.pl\/adamczewski\/wp-json\/wp\/v2\/categories?post=1094"},{"taxonomy":"post_tag","embeddable":true,"href":"https:\/\/blog.polityka.pl\/adamczewski\/wp-json\/wp\/v2\/tags?post=1094"}],"curies":[{"name":"wp","href":"https:\/\/api.w.org\/{rel}","templated":true}]}}