
{"id":10940,"date":"2011-11-04T07:02:59","date_gmt":"2011-11-04T06:02:59","guid":{"rendered":"http:\/\/adamczewscy.pl\/?p=3328"},"modified":"2011-11-04T07:02:59","modified_gmt":"2011-11-04T06:02:59","slug":"zupa-brukselkowo-brokulowa","status":"publish","type":"post","link":"https:\/\/blog.polityka.pl\/adamczewski\/2011\/11\/04\/zupa-brukselkowo-brokulowa\/","title":{"rendered":"Zupa brukselkowo- broku\u0142owa"},"content":{"rendered":"<p><em>25 dag brukselki, p\u00f3\u0142 ma\u0142ego broku\u0142a, marchew, cebula, papryka, p\u00f3\u0142 szklanki ugotowanej czerwonej fasoli, 8 szklanek bulionu warzywnego z kostki, 3 z\u0105bki czosnku, s\u00f3l, pieprz, 3 ziarna ziela angielskiego, li\u015b\u0107 laurowy, \u0142y\u017ceczka koncentratu pomidorowego, 4 \u0142y\u017cki oliwy, ? szklanki makaronu drobne muszelki, 1\/2 szklanki startego parmezanu<br \/>\n<\/em><br \/>\n1. Brukselki oczy\u015bci\u0107 z uszkodzonych listk\u00f3w, du\u017ce przekroi\u0107 na po\u0142\u00f3wki; cebul\u0119 posieka\u0107, marchew pokroi\u0107 w paski jak frytki, broku\u0142 podzieli\u0107 na r\u00f3\u017cyczki, papryk\u0119 pokroi\u0107 w cienkie paseczki.<br \/>\n2. Rozgrza\u0107 w garnku oliw\u0119, doda\u0107 najpierw cebul\u0119, po chwili pokrojon\u0105 marchewk\u0119 i papryk\u0119, chwile sma\u017cy\u0107 nast\u0119pnie wrzuci\u0107 brukselk\u0119 i broku\u0142y, sma\u017cy\u0107 wszystko razem mieszaj\u0105c 3 minuty,<br \/>\n3. Wla\u0107 bulion, doda\u0107 ziele angielskie i li\u015b\u0107 laurowy, czosnek, gotowa\u0107 oko\u0142o 30 minut.<br \/>\n4. Zup\u0119 doprawi\u0107 koncentratem, sol\u0105 i pieprzem, doda\u0107 fasolk\u0119 i suchy makaron. Gotowa\u0107,  a\u017c makaron zmi\u0119knie.<br \/>\n5. Podawa\u0107 zup\u0119 posypan\u0105 startym parmezanem. <\/p>\n","protected":false},"excerpt":{"rendered":"<p>25 dag brukselki, p\u00f3\u0142 ma\u0142ego broku\u0142a, marchew, cebula, papryka, p\u00f3\u0142 szklanki ugotowanej czerwonej fasoli, 8 szklanek bulionu warzywnego z kostki, 3 z\u0105bki czosnku, s\u00f3l, pieprz, 3 ziarna ziela angielskiego, li\u015b\u0107 laurowy, \u0142y\u017ceczka koncentratu pomidorowego, 4 \u0142y\u017cki oliwy, ? szklanki makaronu drobne muszelki, 1\/2 szklanki startego parmezanu 1. Brukselki oczy\u015bci\u0107 z uszkodzonych listk\u00f3w, du\u017ce przekroi\u0107 na [&hellip;]<\/p>\n","protected":false},"author":2,"featured_media":0,"comment_status":"open","ping_status":"open","sticky":false,"template":"","format":"standard","meta":{"footnotes":""},"categories":[1],"tags":[],"_links":{"self":[{"href":"https:\/\/blog.polityka.pl\/adamczewski\/wp-json\/wp\/v2\/posts\/10940"}],"collection":[{"href":"https:\/\/blog.polityka.pl\/adamczewski\/wp-json\/wp\/v2\/posts"}],"about":[{"href":"https:\/\/blog.polityka.pl\/adamczewski\/wp-json\/wp\/v2\/types\/post"}],"author":[{"embeddable":true,"href":"https:\/\/blog.polityka.pl\/adamczewski\/wp-json\/wp\/v2\/users\/2"}],"replies":[{"embeddable":true,"href":"https:\/\/blog.polityka.pl\/adamczewski\/wp-json\/wp\/v2\/comments?post=10940"}],"version-history":[{"count":0,"href":"https:\/\/blog.polityka.pl\/adamczewski\/wp-json\/wp\/v2\/posts\/10940\/revisions"}],"wp:attachment":[{"href":"https:\/\/blog.polityka.pl\/adamczewski\/wp-json\/wp\/v2\/media?parent=10940"}],"wp:term":[{"taxonomy":"category","embeddable":true,"href":"https:\/\/blog.polityka.pl\/adamczewski\/wp-json\/wp\/v2\/categories?post=10940"},{"taxonomy":"post_tag","embeddable":true,"href":"https:\/\/blog.polityka.pl\/adamczewski\/wp-json\/wp\/v2\/tags?post=10940"}],"curies":[{"name":"wp","href":"https:\/\/api.w.org\/{rel}","templated":true}]}}