
{"id":10950,"date":"2011-11-18T06:32:32","date_gmt":"2011-11-18T05:32:32","guid":{"rendered":"http:\/\/adamczewscy.pl\/?p=3340"},"modified":"2011-11-18T06:32:32","modified_gmt":"2011-11-18T05:32:32","slug":"fasolka-z-czosnkiem","status":"publish","type":"post","link":"https:\/\/blog.polityka.pl\/adamczewski\/2011\/11\/18\/fasolka-z-czosnkiem\/","title":{"rendered":"Fasolka z czosnkiem"},"content":{"rendered":"<p><em>50 dag zielonej fasolki szparagowej, 2 dymki, 5 z\u0105bk\u00f3w czosnku, szklanka roso\u0142u z kury (mo\u017ce by\u0107 z kostki), 3 \u0142y\u017cki mas\u0142a, 1, 5 \u0142y\u017cki ciemnego sosu sojowego, \u0142y\u017ceczka cukru, ew. kilka kropli soku cytrynowego<\/em><\/p>\n<p>1. Oczy\u015bci\u0107 fasolk\u0119 odcinaj\u0105c ko\u0144c\u00f3wki z obu stron, umy\u0107, wrzuci\u0107 do wrz\u0105cego roso\u0142u i gotowa\u0107 a\u017c p\u0142yn zupe\u0142nie wyparuje. Od czasu do czasu zamiesza\u0107.<br \/>\n2. Rozgrza\u0107 na patelni mas\u0142o, doda\u0107 posiekan\u0105 dymk\u0119 i przeci\u015bni\u0119ty przez prask\u0119 czosnek, sma\u017cy\u0107 chwileczk\u0119, po czym doda\u0107 ugotowan\u0105 fasolk\u0119, sos sojowy, cukier i sok cytrynowy i mieszaj\u0105c sma\u017cy\u0107 chwil\u0119. <\/p>\n","protected":false},"excerpt":{"rendered":"<p>50 dag zielonej fasolki szparagowej, 2 dymki, 5 z\u0105bk\u00f3w czosnku, szklanka roso\u0142u z kury (mo\u017ce by\u0107 z kostki), 3 \u0142y\u017cki mas\u0142a, 1, 5 \u0142y\u017cki ciemnego sosu sojowego, \u0142y\u017ceczka cukru, ew. kilka kropli soku cytrynowego 1. Oczy\u015bci\u0107 fasolk\u0119 odcinaj\u0105c ko\u0144c\u00f3wki z obu stron, umy\u0107, wrzuci\u0107 do wrz\u0105cego roso\u0142u i gotowa\u0107 a\u017c p\u0142yn zupe\u0142nie wyparuje. Od czasu [&hellip;]<\/p>\n","protected":false},"author":2,"featured_media":0,"comment_status":"open","ping_status":"open","sticky":false,"template":"","format":"standard","meta":{"footnotes":""},"categories":[1],"tags":[],"_links":{"self":[{"href":"https:\/\/blog.polityka.pl\/adamczewski\/wp-json\/wp\/v2\/posts\/10950"}],"collection":[{"href":"https:\/\/blog.polityka.pl\/adamczewski\/wp-json\/wp\/v2\/posts"}],"about":[{"href":"https:\/\/blog.polityka.pl\/adamczewski\/wp-json\/wp\/v2\/types\/post"}],"author":[{"embeddable":true,"href":"https:\/\/blog.polityka.pl\/adamczewski\/wp-json\/wp\/v2\/users\/2"}],"replies":[{"embeddable":true,"href":"https:\/\/blog.polityka.pl\/adamczewski\/wp-json\/wp\/v2\/comments?post=10950"}],"version-history":[{"count":0,"href":"https:\/\/blog.polityka.pl\/adamczewski\/wp-json\/wp\/v2\/posts\/10950\/revisions"}],"wp:attachment":[{"href":"https:\/\/blog.polityka.pl\/adamczewski\/wp-json\/wp\/v2\/media?parent=10950"}],"wp:term":[{"taxonomy":"category","embeddable":true,"href":"https:\/\/blog.polityka.pl\/adamczewski\/wp-json\/wp\/v2\/categories?post=10950"},{"taxonomy":"post_tag","embeddable":true,"href":"https:\/\/blog.polityka.pl\/adamczewski\/wp-json\/wp\/v2\/tags?post=10950"}],"curies":[{"name":"wp","href":"https:\/\/api.w.org\/{rel}","templated":true}]}}