
{"id":10951,"date":"2011-11-18T06:33:21","date_gmt":"2011-11-18T05:33:21","guid":{"rendered":"http:\/\/adamczewscy.pl\/?p=3341"},"modified":"2011-11-18T06:33:21","modified_gmt":"2011-11-18T05:33:21","slug":"surowka-z-cykorii-i-bezpestkowych-winogron","status":"publish","type":"post","link":"https:\/\/blog.polityka.pl\/adamczewski\/2011\/11\/18\/surowka-z-cykorii-i-bezpestkowych-winogron\/","title":{"rendered":"Sur\u00f3wka z cykorii i bezpestkowych winogron"},"content":{"rendered":"<p><em>3 du\u017ce kolby cykorii, szklanka bezpestkowych winogron, 3 \u0142y\u017cki posiekanych orzech\u00f3w laskowych, 4 \u0142y\u017cki jogurtu greckiego (lub innego g\u0119stego), \u0142y\u017cka p\u0142ynnego miodu lipowego, \u0142y\u017cka oleju z pestek winogron, s\u00f3l, pieprz<\/em><\/p>\n<p>1. Umyte cykorie os\u0105czy\u0107, podzieli\u0107 na listki i porwa\u0107 na kawa\u0142ki.<br \/>\n2. Winogrona pokroi\u0107 na po\u0142\u00f3wki.<br \/>\n3. Przygotowa\u0107 sos: jogurt wymiesza\u0107 z olejem, miodem, sol\u0105 i pieprzem.<br \/>\n4. W salaterce wymiesza\u0107 cykori\u0119, winogrona i orzechy, pola\u0107 sosem i jeszcze raz wymiesza\u0107. <\/p>\n","protected":false},"excerpt":{"rendered":"<p>3 du\u017ce kolby cykorii, szklanka bezpestkowych winogron, 3 \u0142y\u017cki posiekanych orzech\u00f3w laskowych, 4 \u0142y\u017cki jogurtu greckiego (lub innego g\u0119stego), \u0142y\u017cka p\u0142ynnego miodu lipowego, \u0142y\u017cka oleju z pestek winogron, s\u00f3l, pieprz 1. Umyte cykorie os\u0105czy\u0107, podzieli\u0107 na listki i porwa\u0107 na kawa\u0142ki. 2. Winogrona pokroi\u0107 na po\u0142\u00f3wki. 3. Przygotowa\u0107 sos: jogurt wymiesza\u0107 z olejem, miodem, sol\u0105 [&hellip;]<\/p>\n","protected":false},"author":2,"featured_media":0,"comment_status":"open","ping_status":"open","sticky":false,"template":"","format":"standard","meta":{"footnotes":""},"categories":[1],"tags":[],"_links":{"self":[{"href":"https:\/\/blog.polityka.pl\/adamczewski\/wp-json\/wp\/v2\/posts\/10951"}],"collection":[{"href":"https:\/\/blog.polityka.pl\/adamczewski\/wp-json\/wp\/v2\/posts"}],"about":[{"href":"https:\/\/blog.polityka.pl\/adamczewski\/wp-json\/wp\/v2\/types\/post"}],"author":[{"embeddable":true,"href":"https:\/\/blog.polityka.pl\/adamczewski\/wp-json\/wp\/v2\/users\/2"}],"replies":[{"embeddable":true,"href":"https:\/\/blog.polityka.pl\/adamczewski\/wp-json\/wp\/v2\/comments?post=10951"}],"version-history":[{"count":0,"href":"https:\/\/blog.polityka.pl\/adamczewski\/wp-json\/wp\/v2\/posts\/10951\/revisions"}],"wp:attachment":[{"href":"https:\/\/blog.polityka.pl\/adamczewski\/wp-json\/wp\/v2\/media?parent=10951"}],"wp:term":[{"taxonomy":"category","embeddable":true,"href":"https:\/\/blog.polityka.pl\/adamczewski\/wp-json\/wp\/v2\/categories?post=10951"},{"taxonomy":"post_tag","embeddable":true,"href":"https:\/\/blog.polityka.pl\/adamczewski\/wp-json\/wp\/v2\/tags?post=10951"}],"curies":[{"name":"wp","href":"https:\/\/api.w.org\/{rel}","templated":true}]}}