
{"id":10952,"date":"2011-11-18T06:33:56","date_gmt":"2011-11-18T05:33:56","guid":{"rendered":"http:\/\/adamczewscy.pl\/?p=3342"},"modified":"2011-11-18T06:33:56","modified_gmt":"2011-11-18T05:33:56","slug":"surowka-z-cukinii-z-sosem-majonezowym","status":"publish","type":"post","link":"https:\/\/blog.polityka.pl\/adamczewski\/2011\/11\/18\/surowka-z-cukinii-z-sosem-majonezowym\/","title":{"rendered":"Sur\u00f3wka z cukinii z sosem majonezowym"},"content":{"rendered":"<p><em>\u015arednia, m\u0142oda cukinia, jab\u0142ko, 4 \u0142y\u017cki posiekanego koperku. 3 \u0142y\u017cki posiekanych orzech\u00f3w w\u0142oskich., 3 \u0142y\u017cki jogurtu naturalnego, 3 \u0142y\u017cki majonezu. sok z cytryny, s\u00f3l, pieprz<\/em><\/p>\n<p>1. Obran\u0105 cukini\u0119 pokroi\u0107 w cieniutkie paseczki; jab\u0142ko obra\u0107 i zetrze\u0107 na jarzynowej grubej tarce, skropi\u0107 cytryn\u0105.<br \/>\n2. Wymiesza\u0107 cukini\u0119 z jab\u0142kiem i siekanymi orzechami, doda\u0107 koperek wymiesza\u0107.<br \/>\n3. Wymiesza\u0107 jogurt z majonezem, doprawi\u0107 do smaku sol\u0105 i pieprzem, pola\u0107 sosem warzywa i raz jeszcze wymiesza\u0107. <\/p>\n","protected":false},"excerpt":{"rendered":"<p>\u015arednia, m\u0142oda cukinia, jab\u0142ko, 4 \u0142y\u017cki posiekanego koperku. 3 \u0142y\u017cki posiekanych orzech\u00f3w w\u0142oskich., 3 \u0142y\u017cki jogurtu naturalnego, 3 \u0142y\u017cki majonezu. sok z cytryny, s\u00f3l, pieprz 1. Obran\u0105 cukini\u0119 pokroi\u0107 w cieniutkie paseczki; jab\u0142ko obra\u0107 i zetrze\u0107 na jarzynowej grubej tarce, skropi\u0107 cytryn\u0105. 2. Wymiesza\u0107 cukini\u0119 z jab\u0142kiem i siekanymi orzechami, doda\u0107 koperek wymiesza\u0107. 3. Wymiesza\u0107 [&hellip;]<\/p>\n","protected":false},"author":2,"featured_media":0,"comment_status":"open","ping_status":"open","sticky":false,"template":"","format":"standard","meta":{"footnotes":""},"categories":[1],"tags":[],"_links":{"self":[{"href":"https:\/\/blog.polityka.pl\/adamczewski\/wp-json\/wp\/v2\/posts\/10952"}],"collection":[{"href":"https:\/\/blog.polityka.pl\/adamczewski\/wp-json\/wp\/v2\/posts"}],"about":[{"href":"https:\/\/blog.polityka.pl\/adamczewski\/wp-json\/wp\/v2\/types\/post"}],"author":[{"embeddable":true,"href":"https:\/\/blog.polityka.pl\/adamczewski\/wp-json\/wp\/v2\/users\/2"}],"replies":[{"embeddable":true,"href":"https:\/\/blog.polityka.pl\/adamczewski\/wp-json\/wp\/v2\/comments?post=10952"}],"version-history":[{"count":0,"href":"https:\/\/blog.polityka.pl\/adamczewski\/wp-json\/wp\/v2\/posts\/10952\/revisions"}],"wp:attachment":[{"href":"https:\/\/blog.polityka.pl\/adamczewski\/wp-json\/wp\/v2\/media?parent=10952"}],"wp:term":[{"taxonomy":"category","embeddable":true,"href":"https:\/\/blog.polityka.pl\/adamczewski\/wp-json\/wp\/v2\/categories?post=10952"},{"taxonomy":"post_tag","embeddable":true,"href":"https:\/\/blog.polityka.pl\/adamczewski\/wp-json\/wp\/v2\/tags?post=10952"}],"curies":[{"name":"wp","href":"https:\/\/api.w.org\/{rel}","templated":true}]}}